{"id":25874,"date":"2026-04-26T15:10:00","date_gmt":"2026-04-26T18:10:00","guid":{"rendered":"https:\/\/diariodepernambuco.audiencelabs.com.br\/?p=25874"},"modified":"2026-04-24T18:00:53","modified_gmt":"2026-04-24T21:00:53","slug":"novo-seda-da-byd-foi-testado-qual-o-feedback","status":"publish","type":"post","link":"https:\/\/diariodepernambuco.audiencelabs.com.br\/novo-seda-da-byd-foi-testado-qual-o-feedback\/","title":{"rendered":"Novo sed\u00e3 da BYD foi testado: qual o feedback?"},"content":{"rendered":"\n<p>A BYD lan\u00e7ou um novo sed\u00e3, o <strong>BYD Seal 05 DM-i<\/strong>, tamb\u00e9m conhecido como New King, e o modelo j\u00e1 passou por avalia\u00e7\u00e3o pelo site <em>Autoesporte<\/em>. A proposta desse modelo n\u00e3o \u00e9 esportividade, mas sim efici\u00eancia e conforto. Na condu\u00e7\u00e3o, o carro se mostra silencioso e com transi\u00e7\u00f5es quase impercept\u00edveis entre o motor el\u00e9trico e o motor a combust\u00e3o.<\/p>\n\n\n\n<p>O sistema h\u00edbrido plug-in tem foco em economia e uso inteligente de energia. O modelo utiliza um <strong>motor a combust\u00e3o 1.5<\/strong> aspirado com cerca de 160 cv na configura\u00e7\u00e3o chinesa, combinado a um motor el\u00e9trico que \u00e9 o principal respons\u00e1vel pela movimenta\u00e7\u00e3o durante o uso.<\/p>\n\n\n\n<p>Um dos destaques do Seal 05 DM-i \u00e9 o consumo, principalmente quando a bateria est\u00e1 carregada. Em condi\u00e7\u00f5es de uso urbano, o modelo pode atingir m\u00e9dias pr\u00f3ximas de <strong>17 km\/l na cidade<\/strong> e cerca de <strong>13 km\/l na estrada<\/strong>, variando conforme a condu\u00e7\u00e3o e a vers\u00e3o. A autonomia combinada pode chegar a aproximadamente <strong>1.200 km<\/strong>, enquanto no modo totalmente el\u00e9trico o alcance fica entre <strong>35 km e 78 km<\/strong>, dependendo da configura\u00e7\u00e3o.<\/p>\n\n\n\n<h2 class=\"wp-block-heading\">Design e estilo<\/h2>\n\n\n\n<p>O sed\u00e3 apresenta um visual mais moderno, com dianteira redesenhada, enquanto a traseira recebe mudan\u00e7as, mas mant\u00e9m a identidade do modelo. O ve\u00edculo mede cerca de 4,78 m de comprimento, 1,84 m de largura, 1,50 m de altura e 2,72 m de entre-eixos.<\/p>\n\n\n\n<h2 class=\"wp-block-heading\">Interior e equipamentos<\/h2>\n\n\n\n<p>No interior, o Seal 05 DM-i traz, dependendo da vers\u00e3o, central multim\u00eddia de at\u00e9 12,8 polegadas e painel digital de 8,8 polegadas. O espa\u00e7o traseiro \u00e9 confort\u00e1vel e conta com sa\u00eddas de ar e entradas USB tipo A e C, embora alguns itens de conforto, como ar-condicionado de duas zonas e outros recursos, variem entre as configura\u00e7\u00f5es.<\/p>\n\n\n\n<h2 class=\"wp-block-heading\">Feedback final<\/h2>\n\n\n\n<p>De acordo com as informa\u00e7\u00f5es do Autoesporte, o <strong>Seal 05 DM-i<\/strong> se destaca pela efici\u00eancia, autonomia e conforto, sendo um sed\u00e3 pensado para quem busca economia e tecnologia, sem foco em desempenho esportivo.<\/p>\n","protected":false},"excerpt":{"rendered":"<p>A BYD lan\u00e7ou um novo sed\u00e3, o BYD Seal 05 DM-i, tamb\u00e9m conhecido como New King, e o modelo j\u00e1 passou por avalia\u00e7\u00e3o pelo site Autoesporte. A proposta desse modelo n\u00e3o \u00e9 esportividade, mas sim efici\u00eancia e conforto. Na condu\u00e7\u00e3o, o carro se mostra silencioso e com transi\u00e7\u00f5es quase impercept\u00edveis entre o motor el\u00e9trico e [&hellip;]<\/p>\n","protected":false},"author":17,"featured_media":25882,"comment_status":"open","ping_status":"open","sticky":false,"template":"","format":"standard","meta":{"jnews-multi-image_gallery":[],"jnews_single_post":{"format":"standard"},"jnews_primary_category":[],"jnews_social_meta":[],"jnews_post_split":[],"footnotes":""},"categories":[1],"tags":[],"class_list":["post-25874","post","type-post","status-publish","format-standard","has-post-thumbnail","hentry","category-uncategorized"],"_links":{"self":[{"href":"https:\/\/diariodepernambuco.audiencelabs.com.br\/wp-json\/wp\/v2\/posts\/25874","targetHints":{"allow":["GET"]}}],"collection":[{"href":"https:\/\/diariodepernambuco.audiencelabs.com.br\/wp-json\/wp\/v2\/posts"}],"about":[{"href":"https:\/\/diariodepernambuco.audiencelabs.com.br\/wp-json\/wp\/v2\/types\/post"}],"author":[{"embeddable":true,"href":"https:\/\/diariodepernambuco.audiencelabs.com.br\/wp-json\/wp\/v2\/users\/17"}],"replies":[{"embeddable":true,"href":"https:\/\/diariodepernambuco.audiencelabs.com.br\/wp-json\/wp\/v2\/comments?post=25874"}],"version-history":[{"count":2,"href":"https:\/\/diariodepernambuco.audiencelabs.com.br\/wp-json\/wp\/v2\/posts\/25874\/revisions"}],"predecessor-version":[{"id":25883,"href":"https:\/\/diariodepernambuco.audiencelabs.com.br\/wp-json\/wp\/v2\/posts\/25874\/revisions\/25883"}],"wp:featuredmedia":[{"embeddable":true,"href":"https:\/\/diariodepernambuco.audiencelabs.com.br\/wp-json\/wp\/v2\/media\/25882"}],"wp:attachment":[{"href":"https:\/\/diariodepernambuco.audiencelabs.com.br\/wp-json\/wp\/v2\/media?parent=25874"}],"wp:term":[{"taxonomy":"category","embeddable":true,"href":"https:\/\/diariodepernambuco.audiencelabs.com.br\/wp-json\/wp\/v2\/categories?post=25874"},{"taxonomy":"post_tag","embeddable":true,"href":"https:\/\/diariodepernambuco.audiencelabs.com.br\/wp-json\/wp\/v2\/tags?post=25874"}],"curies":[{"name":"wp","href":"https:\/\/api.w.org\/{rel}","templated":true}]}}