{"id":25885,"date":"2026-04-26T07:00:00","date_gmt":"2026-04-26T10:00:00","guid":{"rendered":"https:\/\/diariodepernambuco.audiencelabs.com.br\/?p=25885"},"modified":"2026-04-24T18:14:22","modified_gmt":"2026-04-24T21:14:22","slug":"flamengo-surpreendeu-e-anunciou-melhor-contratacao-de-2026","status":"publish","type":"post","link":"https:\/\/diariodepernambuco.audiencelabs.com.br\/flamengo-surpreendeu-e-anunciou-melhor-contratacao-de-2026\/","title":{"rendered":"Flamengo surpreendeu e anunciou melhor contrata\u00e7\u00e3o de 2026"},"content":{"rendered":"\n<p>A janela de transfer\u00eancias de 2026 no futebol brasileiro ficou marcada por investimentos recordes, e o Flamengo foi o grande protagonista desse movimento. Liderando os gastos entre os clubes da S\u00e9rie A, o Rubro-Negro desembolsou mais de R$ 330 milh\u00f5es em refor\u00e7os, superando concorrentes como Palmeiras e Cruzeiro.<\/p>\n\n\n\n<p>Dentro desse cen\u00e1rio, um nome se destacou acima de todos: Lucas Paquet\u00e1, anunciado oficialmente no dia 26 de janeiro como a principal contrata\u00e7\u00e3o do pa\u00eds. O retorno de Paquet\u00e1 ao clube que o revelou n\u00e3o foi apenas simb\u00f3lico, mas hist\u00f3rico. O Flamengo pagou cerca de R$ 260 milh\u00f5es ao West Ham para repatriar o meia, tornando-o a contrata\u00e7\u00e3o mais cara da hist\u00f3ria do futebol brasileiro.<\/p>\n\n\n\n<p>O investimento se justifica pelo curr\u00edculo recente do jogador. Paquet\u00e1 esteve com a Sele\u00e7\u00e3o Brasileira na Copa do Mundo de 2022, disputando quatro partidas e marcando um gol na goleada por 4 a 1 sobre a Coreia do Sul, nas oitavas de final. De volta ao Flamengo, o meia rapidamente voltou a ser decisivo: j\u00e1 soma sete gols em 20 jogos.<\/p>\n\n\n\n<p>Al\u00e9m do impacto imediato em campo, a contrata\u00e7\u00e3o tamb\u00e9m tem reflexos no futuro. Paquet\u00e1 segue no radar do t\u00e9cnico Carlo Ancelotti para a Copa do Mundo de 2026, o que refor\u00e7a o n\u00edvel internacional do elenco rubro-negro.<\/p>\n\n\n\n<h2 class=\"wp-block-heading\">Janela hist\u00f3rica coloca Flamengo no topo dos investimentos<\/h2>\n\n\n\n<p>O balan\u00e7o da janela mostra que os clubes da S\u00e9rie A movimentaram cifras expressivas, ultrapassando a marca de R$ 1 bilh\u00e3o em contrata\u00e7\u00f5es. Ainda assim, o Flamengo se destacou ao concentrar grande parte desse investimento em poucos nomes, apostando em qualidade ao inv\u00e9s de quantidade.<\/p>\n\n\n\n<p>Outros clubes tamb\u00e9m foram ativos no mercado, mas nenhum conseguiu igualar o peso da contrata\u00e7\u00e3o rubro-negra. Enquanto rivais buscaram refor\u00e7os pontuais, o Flamengo elevou o patamar ao trazer um jogador de Copa do Mundo, em plena forma e com mercado na Europa. O movimento n\u00e3o s\u00f3 fortalece o elenco, como tamb\u00e9m reposiciona o futebol brasileiro no cen\u00e1rio internacional.<\/p>\n\n\n\n<p><\/p>\n","protected":false},"excerpt":{"rendered":"<p>A janela de transfer\u00eancias de 2026 no futebol brasileiro ficou marcada por investimentos recordes, e o Flamengo foi o grande protagonista desse movimento. Liderando os gastos entre os clubes da S\u00e9rie A, o Rubro-Negro desembolsou mais de R$ 330 milh\u00f5es em refor\u00e7os, superando concorrentes como Palmeiras e Cruzeiro. Dentro desse cen\u00e1rio, um nome se destacou [&hellip;]<\/p>\n","protected":false},"author":4,"featured_media":22114,"comment_status":"open","ping_status":"open","sticky":false,"template":"","format":"standard","meta":{"jnews-multi-image_gallery":[],"jnews_single_post":{"format":"standard"},"jnews_primary_category":[],"jnews_social_meta":[],"jnews_post_split":[],"footnotes":""},"categories":[1],"tags":[],"class_list":["post-25885","post","type-post","status-publish","format-standard","has-post-thumbnail","hentry","category-uncategorized"],"_links":{"self":[{"href":"https:\/\/diariodepernambuco.audiencelabs.com.br\/wp-json\/wp\/v2\/posts\/25885","targetHints":{"allow":["GET"]}}],"collection":[{"href":"https:\/\/diariodepernambuco.audiencelabs.com.br\/wp-json\/wp\/v2\/posts"}],"about":[{"href":"https:\/\/diariodepernambuco.audiencelabs.com.br\/wp-json\/wp\/v2\/types\/post"}],"author":[{"embeddable":true,"href":"https:\/\/diariodepernambuco.audiencelabs.com.br\/wp-json\/wp\/v2\/users\/4"}],"replies":[{"embeddable":true,"href":"https:\/\/diariodepernambuco.audiencelabs.com.br\/wp-json\/wp\/v2\/comments?post=25885"}],"version-history":[{"count":3,"href":"https:\/\/diariodepernambuco.audiencelabs.com.br\/wp-json\/wp\/v2\/posts\/25885\/revisions"}],"predecessor-version":[{"id":25888,"href":"https:\/\/diariodepernambuco.audiencelabs.com.br\/wp-json\/wp\/v2\/posts\/25885\/revisions\/25888"}],"wp:featuredmedia":[{"embeddable":true,"href":"https:\/\/diariodepernambuco.audiencelabs.com.br\/wp-json\/wp\/v2\/media\/22114"}],"wp:attachment":[{"href":"https:\/\/diariodepernambuco.audiencelabs.com.br\/wp-json\/wp\/v2\/media?parent=25885"}],"wp:term":[{"taxonomy":"category","embeddable":true,"href":"https:\/\/diariodepernambuco.audiencelabs.com.br\/wp-json\/wp\/v2\/categories?post=25885"},{"taxonomy":"post_tag","embeddable":true,"href":"https:\/\/diariodepernambuco.audiencelabs.com.br\/wp-json\/wp\/v2\/tags?post=25885"}],"curies":[{"name":"wp","href":"https:\/\/api.w.org\/{rel}","templated":true}]}}