{"id":25892,"date":"2026-05-01T12:30:00","date_gmt":"2026-05-01T15:30:00","guid":{"rendered":"https:\/\/diariodepernambuco.audiencelabs.com.br\/?p=25892"},"modified":"2026-04-24T20:07:47","modified_gmt":"2026-04-24T23:07:47","slug":"nissan-encerra-producao-e-se-despede-da-producao-neste-pais","status":"publish","type":"post","link":"https:\/\/diariodepernambuco.audiencelabs.com.br\/nissan-encerra-producao-e-se-despede-da-producao-neste-pais\/","title":{"rendered":"Nissan encerra produ\u00e7\u00e3o e se despede da produ\u00e7\u00e3o neste pa\u00eds"},"content":{"rendered":"\n<p>A Nissan inicia uma nova fase na <strong>Argentina<\/strong>, encerrando sua produ\u00e7\u00e3o local e se despedindo da atua\u00e7\u00e3o direta como fabricante no pa\u00eds. Depois de anos com opera\u00e7\u00e3o pr\u00f3pria, a montadora japonesa decidiu mudar a forma de atuar no pa\u00eds.<\/p>\n\n\n\n<p>Com essa mudan\u00e7a, quem passa a assumir a opera\u00e7\u00e3o da marca s\u00e3o dois grupos argentinos: o <strong>Grupo SIMPA<\/strong>, que ficar\u00e1 com a maior parte da gest\u00e3o, e o <strong>Grupo Tagle<\/strong>, que tamb\u00e9m ter\u00e1 participa\u00e7\u00e3o no neg\u00f3cio. Juntos, eles ser\u00e3o respons\u00e1veis por cuidar de toda a opera\u00e7\u00e3o comercial da Nissan na Argentina, incluindo vendas, marketing, distribui\u00e7\u00e3o e atendimento ao cliente.<\/p>\n\n\n\n<p>Essa nova forma de atua\u00e7\u00e3o n\u00e3o \u00e9 in\u00e9dita, j\u00e1 que a Nissan volta a um modelo que j\u00e1 acontecia antes de 2015. Ele \u00e9 mais simples, baseado em parceiros locais.<\/p>\n\n\n\n<h2 class=\"wp-block-heading\">Marca seguir\u00e1 ativa<\/h2>\n\n\n\n<p>Mesmo deixando de produzir ve\u00edculos na Argentina, essa mudan\u00e7a representa mais uma adapta\u00e7\u00e3o e a Nissan n\u00e3o est\u00e1 abandonando totalmente o pa\u00eds. A marca seguir\u00e1 ativa por meio dos grupos argentinos, mantendo sua rela\u00e7\u00e3o com os consumidores e sua participa\u00e7\u00e3o no mercado.<\/p>\n\n\n\n<h2 class=\"wp-block-heading\">Impactos no mercado local<\/h2>\n\n\n\n<p>A sa\u00edda da Nissan da produ\u00e7\u00e3o direta traz mudan\u00e7as, j\u00e1 que, por um lado, empresas locais tendem a ter mais agilidade para lidar com o mercado argentino, mas por outro, o fim da fabrica\u00e7\u00e3o levanta d\u00favidas sobre empregos e o impacto na cadeia automotiva do pa\u00eds.<\/p>\n","protected":false},"excerpt":{"rendered":"<p>A Nissan inicia uma nova fase na Argentina, encerrando sua produ\u00e7\u00e3o local e se despedindo da atua\u00e7\u00e3o direta como fabricante no pa\u00eds. Depois de anos com opera\u00e7\u00e3o pr\u00f3pria, a montadora japonesa decidiu mudar a forma de atuar no pa\u00eds. Com essa mudan\u00e7a, quem passa a assumir a opera\u00e7\u00e3o da marca s\u00e3o dois grupos argentinos: o [&hellip;]<\/p>\n","protected":false},"author":17,"featured_media":23439,"comment_status":"open","ping_status":"open","sticky":false,"template":"","format":"standard","meta":{"jnews-multi-image_gallery":[],"jnews_single_post":{"format":"standard"},"jnews_primary_category":[],"jnews_social_meta":[],"jnews_post_split":[],"footnotes":""},"categories":[1],"tags":[],"class_list":["post-25892","post","type-post","status-publish","format-standard","has-post-thumbnail","hentry","category-uncategorized"],"_links":{"self":[{"href":"https:\/\/diariodepernambuco.audiencelabs.com.br\/wp-json\/wp\/v2\/posts\/25892","targetHints":{"allow":["GET"]}}],"collection":[{"href":"https:\/\/diariodepernambuco.audiencelabs.com.br\/wp-json\/wp\/v2\/posts"}],"about":[{"href":"https:\/\/diariodepernambuco.audiencelabs.com.br\/wp-json\/wp\/v2\/types\/post"}],"author":[{"embeddable":true,"href":"https:\/\/diariodepernambuco.audiencelabs.com.br\/wp-json\/wp\/v2\/users\/17"}],"replies":[{"embeddable":true,"href":"https:\/\/diariodepernambuco.audiencelabs.com.br\/wp-json\/wp\/v2\/comments?post=25892"}],"version-history":[{"count":2,"href":"https:\/\/diariodepernambuco.audiencelabs.com.br\/wp-json\/wp\/v2\/posts\/25892\/revisions"}],"predecessor-version":[{"id":25895,"href":"https:\/\/diariodepernambuco.audiencelabs.com.br\/wp-json\/wp\/v2\/posts\/25892\/revisions\/25895"}],"wp:featuredmedia":[{"embeddable":true,"href":"https:\/\/diariodepernambuco.audiencelabs.com.br\/wp-json\/wp\/v2\/media\/23439"}],"wp:attachment":[{"href":"https:\/\/diariodepernambuco.audiencelabs.com.br\/wp-json\/wp\/v2\/media?parent=25892"}],"wp:term":[{"taxonomy":"category","embeddable":true,"href":"https:\/\/diariodepernambuco.audiencelabs.com.br\/wp-json\/wp\/v2\/categories?post=25892"},{"taxonomy":"post_tag","embeddable":true,"href":"https:\/\/diariodepernambuco.audiencelabs.com.br\/wp-json\/wp\/v2\/tags?post=25892"}],"curies":[{"name":"wp","href":"https:\/\/api.w.org\/{rel}","templated":true}]}}