{"id":25899,"date":"2026-04-27T09:45:00","date_gmt":"2026-04-27T12:45:00","guid":{"rendered":"https:\/\/diariodepernambuco.audiencelabs.com.br\/?p=25899"},"modified":"2026-04-27T09:56:02","modified_gmt":"2026-04-27T12:56:02","slug":"neymar-comprou-aviao-de-luxo-que-cruza-continentes-sem-parar-para-abastecer","status":"publish","type":"post","link":"https:\/\/diariodepernambuco.audiencelabs.com.br\/neymar-comprou-aviao-de-luxo-que-cruza-continentes-sem-parar-para-abastecer\/","title":{"rendered":"Neymar comprou avi\u00e3o de luxo que cruza continentes sem parar para abastecer"},"content":{"rendered":"\n<p>O craque Neymar voltou a chamar aten\u00e7\u00e3o fora dos gramados ao adquirir um avi\u00e3o particular avaliado em cerca de R$ 250 milh\u00f5es. O modelo escolhido \u00e9 um jato executivo de alt\u00edssimo padr\u00e3o, conhecido pela autonomia impressionante e pelo n\u00edvel de conforto oferecido aos passageiros. A aeronave virou destaque recentemente ap\u00f3s aparecer em aeroportos brasileiros.<\/p>\n\n\n\n<p>O avi\u00e3o \u00e9 um Dassault Falcon 900LX, um dos modelos mais sofisticados da avia\u00e7\u00e3o executiva mundial. Ele possui autonomia de aproximadamente 8.800 quil\u00f4metros, o que permite realizar viagens intercontinentais sem necessidade de escalas para abastecimento. Isso significa que o jogador pode cruzar oceanos e ligar cidades distantes com rapidez e praticidade.<\/p>\n\n\n\n<p>Outro destaque da aeronave est\u00e1 em sua estrutura com tr\u00eas motores, algo incomum na categoria. Essa configura\u00e7\u00e3o garante maior seguran\u00e7a, al\u00e9m de permitir rotas mais diretas, inclusive sobre \u00e1reas oce\u00e2nicas extensas. O jato tamb\u00e9m alcan\u00e7a velocidades pr\u00f3ximas de 1.000 km\/h, reduzindo significativamente o tempo de viagem.<\/p>\n\n\n\n<p>Por dentro, o avi\u00e3o funciona como uma verdadeira \u201cmans\u00e3o nos c\u00e9us\u201d, com espa\u00e7o para at\u00e9 14 passageiros. A cabine \u00e9 dividida em ambientes que permitem descanso, trabalho e lazer durante o voo. Equipado com tecnologia avan\u00e7ada e alto n\u00edvel de isolamento ac\u00fastico, o modelo oferece uma experi\u00eancia premium em viagens longas.<\/p>\n\n\n\n<h2 class=\"wp-block-heading\">Aus\u00eancia inesperada de Neymar em treino do Santos gera d\u00favidas<\/h2>\n\n\n\n<p>A aus\u00eancia de Neymar em um treino do Santos pegou comiss\u00e3o t\u00e9cnica e torcedores de surpresa, especialmente por n\u00e3o haver explica\u00e7\u00e3o imediata para o ocorrido. O atacante n\u00e3o compareceu \u00e0 atividade no CT Rei Pel\u00e9 antes da viagem para a Argentina, levantando questionamentos internos.<\/p>\n\n\n\n<p>Horas depois, o clube esclareceu que o jogador apresentou um quadro de virose na noite anterior, sendo medicado e acompanhado pelo departamento m\u00e9dico. Apesar do susto, ele reagiu bem e foi inclu\u00eddo na delega\u00e7\u00e3o que viajaria para enfrentar o San Lorenzo pela 3\u00aa rodada da fase de grupos da Copa Sul-Americana.<\/p>\n\n\n\n<p><\/p>\n","protected":false},"excerpt":{"rendered":"<p>O craque Neymar voltou a chamar aten\u00e7\u00e3o fora dos gramados ao adquirir um avi\u00e3o particular avaliado em cerca de R$ 250 milh\u00f5es. O modelo escolhido \u00e9 um jato executivo de alt\u00edssimo padr\u00e3o, conhecido pela autonomia impressionante e pelo n\u00edvel de conforto oferecido aos passageiros. A aeronave virou destaque recentemente ap\u00f3s aparecer em aeroportos brasileiros. O [&hellip;]<\/p>\n","protected":false},"author":4,"featured_media":25900,"comment_status":"open","ping_status":"open","sticky":false,"template":"","format":"standard","meta":{"jnews-multi-image_gallery":[],"jnews_single_post":{"format":"standard"},"jnews_primary_category":[],"jnews_social_meta":[],"jnews_post_split":[],"footnotes":""},"categories":[1],"tags":[],"class_list":["post-25899","post","type-post","status-publish","format-standard","has-post-thumbnail","hentry","category-uncategorized"],"_links":{"self":[{"href":"https:\/\/diariodepernambuco.audiencelabs.com.br\/wp-json\/wp\/v2\/posts\/25899","targetHints":{"allow":["GET"]}}],"collection":[{"href":"https:\/\/diariodepernambuco.audiencelabs.com.br\/wp-json\/wp\/v2\/posts"}],"about":[{"href":"https:\/\/diariodepernambuco.audiencelabs.com.br\/wp-json\/wp\/v2\/types\/post"}],"author":[{"embeddable":true,"href":"https:\/\/diariodepernambuco.audiencelabs.com.br\/wp-json\/wp\/v2\/users\/4"}],"replies":[{"embeddable":true,"href":"https:\/\/diariodepernambuco.audiencelabs.com.br\/wp-json\/wp\/v2\/comments?post=25899"}],"version-history":[{"count":3,"href":"https:\/\/diariodepernambuco.audiencelabs.com.br\/wp-json\/wp\/v2\/posts\/25899\/revisions"}],"predecessor-version":[{"id":25904,"href":"https:\/\/diariodepernambuco.audiencelabs.com.br\/wp-json\/wp\/v2\/posts\/25899\/revisions\/25904"}],"wp:featuredmedia":[{"embeddable":true,"href":"https:\/\/diariodepernambuco.audiencelabs.com.br\/wp-json\/wp\/v2\/media\/25900"}],"wp:attachment":[{"href":"https:\/\/diariodepernambuco.audiencelabs.com.br\/wp-json\/wp\/v2\/media?parent=25899"}],"wp:term":[{"taxonomy":"category","embeddable":true,"href":"https:\/\/diariodepernambuco.audiencelabs.com.br\/wp-json\/wp\/v2\/categories?post=25899"},{"taxonomy":"post_tag","embeddable":true,"href":"https:\/\/diariodepernambuco.audiencelabs.com.br\/wp-json\/wp\/v2\/tags?post=25899"}],"curies":[{"name":"wp","href":"https:\/\/api.w.org\/{rel}","templated":true}]}}