{"id":25905,"date":"2026-04-27T10:00:00","date_gmt":"2026-04-27T13:00:00","guid":{"rendered":"https:\/\/diariodepernambuco.audiencelabs.com.br\/?p=25905"},"modified":"2026-04-27T10:11:37","modified_gmt":"2026-04-27T13:11:37","slug":"bancos-vao-mudar-funcionamento-e-fechar-na-sexta-feira-a-partir-de-maio","status":"publish","type":"post","link":"https:\/\/diariodepernambuco.audiencelabs.com.br\/bancos-vao-mudar-funcionamento-e-fechar-na-sexta-feira-a-partir-de-maio\/","title":{"rendered":"Bancos v\u00e3o mudar funcionamento e fechar nessa sexta-feira de maio"},"content":{"rendered":"\n<p>Os bancos de todo o Brasil ter\u00e3o mudan\u00e7as no funcionamento na primeira sexta-feira de maio de 2026. Isso acontece por conta do feriado nacional do Dia do Trabalho, celebrado em 1\u00ba de maio, que neste ano cair\u00e1 justamente em uma sexta-feira. Com isso, as ag\u00eancias banc\u00e1rias n\u00e3o ter\u00e3o atendimento presencial ao p\u00fablico nessa data.<\/p>\n\n\n\n<p>Durante o feriado, apenas servi\u00e7os essenciais continuar\u00e3o dispon\u00edveis para os clientes. Opera\u00e7\u00f5es como transfer\u00eancias via aplicativos, pagamentos digitais e uso de caixas eletr\u00f4nicos poder\u00e3o ser realizados normalmente. J\u00e1 atendimentos que dependem de funcion\u00e1rios nas ag\u00eancias ficam suspensos at\u00e9 o pr\u00f3ximo dia \u00fatil.<\/p>\n\n\n\n<p>Contas com vencimento marcado para o dia 1\u00ba de maio poder\u00e3o ser pagas no pr\u00f3ximo dia \u00fatil sem cobran\u00e7a de juros ou multa. A recomenda\u00e7\u00e3o dos bancos \u00e9 antecipar pagamentos ou utilizar canais digitais para evitar filas e atrasos. Empresas e pessoas f\u00edsicas devem ficar atentas, especialmente em rela\u00e7\u00e3o a boletos e compromissos financeiros.<\/p>\n\n\n\n<p>O atendimento nas ag\u00eancias ser\u00e1 retomado normalmente na segunda-feira seguinte, dia 4 de maio. At\u00e9 l\u00e1, os canais digitais seguem como principal alternativa para movimenta\u00e7\u00f5es banc\u00e1rias. A Federa\u00e7\u00e3o Brasileira de Bancos costuma refor\u00e7ar o uso de aplicativos e internet banking nessas situa\u00e7\u00f5es.<\/p>\n\n\n\n<h2 class=\"wp-block-heading\">Confira outros feriados nacionais que v\u00e3o marcar o calend\u00e1rio<\/h2>\n\n\n\n<p>Ap\u00f3s o feriado do Dia do Trabalho, o calend\u00e1rio de 2026 ainda reserva outras datas importantes para os brasileiros. Entre elas est\u00e3o o feriado da Independ\u00eancia do Brasil, celebrado em 7 de setembro, e o Dia de Nossa Senhora Aparecida, em 12 de outubro.<\/p>\n\n\n\n<p>Tamb\u00e9m fazem parte da lista o Dia de Finados, em 2 de novembro, e a Proclama\u00e7\u00e3o da Rep\u00fablica, em 15 de novembro. Outro destaque fica para o Natal, comemorado em 25 de dezembro, que encerra o ano com mudan\u00e7as significativas no com\u00e9rcio e no setor banc\u00e1rio. Dependendo do dia da semana em que os feriados caem, pode haver possibilidade de prolongar o descanso.<\/p>\n\n\n\n<p><\/p>\n","protected":false},"excerpt":{"rendered":"<p>Os bancos de todo o Brasil ter\u00e3o mudan\u00e7as no funcionamento na primeira sexta-feira de maio de 2026. Isso acontece por conta do feriado nacional do Dia do Trabalho, celebrado em 1\u00ba de maio, que neste ano cair\u00e1 justamente em uma sexta-feira. Com isso, as ag\u00eancias banc\u00e1rias n\u00e3o ter\u00e3o atendimento presencial ao p\u00fablico nessa data. Durante [&hellip;]<\/p>\n","protected":false},"author":4,"featured_media":20217,"comment_status":"open","ping_status":"open","sticky":false,"template":"","format":"standard","meta":{"jnews-multi-image_gallery":[],"jnews_single_post":{"format":"standard"},"jnews_primary_category":[],"jnews_social_meta":[],"jnews_post_split":[],"footnotes":""},"categories":[1],"tags":[],"class_list":["post-25905","post","type-post","status-publish","format-standard","has-post-thumbnail","hentry","category-uncategorized"],"_links":{"self":[{"href":"https:\/\/diariodepernambuco.audiencelabs.com.br\/wp-json\/wp\/v2\/posts\/25905","targetHints":{"allow":["GET"]}}],"collection":[{"href":"https:\/\/diariodepernambuco.audiencelabs.com.br\/wp-json\/wp\/v2\/posts"}],"about":[{"href":"https:\/\/diariodepernambuco.audiencelabs.com.br\/wp-json\/wp\/v2\/types\/post"}],"author":[{"embeddable":true,"href":"https:\/\/diariodepernambuco.audiencelabs.com.br\/wp-json\/wp\/v2\/users\/4"}],"replies":[{"embeddable":true,"href":"https:\/\/diariodepernambuco.audiencelabs.com.br\/wp-json\/wp\/v2\/comments?post=25905"}],"version-history":[{"count":3,"href":"https:\/\/diariodepernambuco.audiencelabs.com.br\/wp-json\/wp\/v2\/posts\/25905\/revisions"}],"predecessor-version":[{"id":25932,"href":"https:\/\/diariodepernambuco.audiencelabs.com.br\/wp-json\/wp\/v2\/posts\/25905\/revisions\/25932"}],"wp:featuredmedia":[{"embeddable":true,"href":"https:\/\/diariodepernambuco.audiencelabs.com.br\/wp-json\/wp\/v2\/media\/20217"}],"wp:attachment":[{"href":"https:\/\/diariodepernambuco.audiencelabs.com.br\/wp-json\/wp\/v2\/media?parent=25905"}],"wp:term":[{"taxonomy":"category","embeddable":true,"href":"https:\/\/diariodepernambuco.audiencelabs.com.br\/wp-json\/wp\/v2\/categories?post=25905"},{"taxonomy":"post_tag","embeddable":true,"href":"https:\/\/diariodepernambuco.audiencelabs.com.br\/wp-json\/wp\/v2\/tags?post=25905"}],"curies":[{"name":"wp","href":"https:\/\/api.w.org\/{rel}","templated":true}]}}