{"id":25908,"date":"2026-04-27T10:15:00","date_gmt":"2026-04-27T13:15:00","guid":{"rendered":"https:\/\/diariodepernambuco.audiencelabs.com.br\/?p=25908"},"modified":"2026-04-27T09:49:13","modified_gmt":"2026-04-27T12:49:13","slug":"flamengo-confirma-reforco-e-leonardo-jardim-celebra-com-alegria","status":"publish","type":"post","link":"https:\/\/diariodepernambuco.audiencelabs.com.br\/flamengo-confirma-reforco-e-leonardo-jardim-celebra-com-alegria\/","title":{"rendered":"Flamengo confirma refor\u00e7o e Leonardo Jardim celebra com alegria"},"content":{"rendered":"\n<p>O Flamengo goleou o Atl\u00e9tico-MG por 4 a 0 e teve em Gonzalo Plata um dos grandes destaques da partida. O atacante equatoriano marcou um dos gols e teve atua\u00e7\u00e3o decisiva na Arena MRV, participando ativamente do setor ofensivo. A exibi\u00e7\u00e3o chamou aten\u00e7\u00e3o n\u00e3o s\u00f3 pelo desempenho t\u00e9cnico, mas tamb\u00e9m pela entrega em campo.<\/p>\n\n\n\n<p>Ap\u00f3s o jogo, o t\u00e9cnico Leonardo Jardim fez quest\u00e3o de exaltar o jogador. A atua\u00e7\u00e3o refor\u00e7a a virada de chave de Plata, que viveu um in\u00edcio conturbado desde a chegada de Jardim ao clube. O atacante chegou a perder espa\u00e7o, ficou fora de algumas listas e teve dificuldades de adapta\u00e7\u00e3o ao estilo de jogo do treinador portugu\u00eas.<\/p>\n\n\n\n<p>Em determinado momento, inclusive, havia d\u00favidas sobre sua perman\u00eancia no elenco rubro-negro. Agora, o cen\u00e1rio \u00e9 completamente diferente, com o jogador sendo tratado como uma esp\u00e9cie de \u201cnovo refor\u00e7o\u201d interno. Na coletiva ap\u00f3s a goleada, Jardim destacou justamente essa evolu\u00e7\u00e3o e deixou claro que sempre confiou no potencial do atleta.<\/p>\n\n\n\n<p>\u201cJ\u00e1 falei anteriormente das qualidades do Plata e tamb\u00e9m que a integra\u00e7\u00e3o dele n\u00e3o estava dentro daquilo que a gente pretendia. Desde o momento que ele integrou \u00e0s ideias do grupo, o talento est\u00e1 l\u00e1\u201d, afirmou o treinador. A declara\u00e7\u00e3o refor\u00e7a que o problema nunca foi t\u00e9cnico, mas sim de adapta\u00e7\u00e3o ao modelo de jogo.<\/p>\n\n\n\n<p>O comandante tamb\u00e9m elogiou aspectos al\u00e9m do gol marcado, valorizando o comprometimento t\u00e1tico do jogador durante a partida. Segundo Jardim, Plata teve papel importante na recomposi\u00e7\u00e3o defensiva e no equil\u00edbrio da equipe em campo. Com isso, o equatoriano ganha moral e se firma como pe\u00e7a importante no elenco.<\/p>\n\n\n\n<h2 class=\"wp-block-heading\">Os jogos da 13\u00aa rodada do Brasileir\u00e3o<\/h2>\n\n\n\n<ul class=\"wp-block-list\">\n<li>25\/04, 18h30 &#8211; Botafogo 2 x 2 Internacional<\/li>\n\n\n\n<li>25\/04, 18h30 &#8211; Bahia 2 x 2 Santos<\/li>\n\n\n\n<li>25\/04, 18h30 &#8211; Remo 0 x 1 Cruzeiro<\/li>\n\n\n\n<li>25\/04, 21h00 &#8211; S\u00e3o Paulo 1 x 0 Mirassol<\/li>\n\n\n\n<li>26\/04, 16h00 &#8211; Corinthians 1 x 0 Vasco<\/li>\n\n\n\n<li>26\/04, 16h00 &#8211; Gr\u00eamio 1 x 0 Coritiba<\/li>\n\n\n\n<li>26\/04, 18h30 &#8211; RB Bragantino 0 x 1 Palmeiras<\/li>\n\n\n\n<li>26\/04, 18h30 &#8211; Athletico-PR 3 x 1 Vit\u00f3ria<\/li>\n\n\n\n<li><strong>26\/04, 20h30 &#8211; Atl\u00e9tico-MG 0 x 4 Flamengo<\/strong><\/li>\n\n\n\n<li>26\/04, 20h30 &#8211; Fluminense 2 x 1 Chapecoense<\/li>\n<\/ul>\n\n\n\n<p><\/p>\n","protected":false},"excerpt":{"rendered":"<p>O Flamengo goleou o Atl\u00e9tico-MG por 4 a 0 e teve em Gonzalo Plata um dos grandes destaques da partida. O atacante equatoriano marcou um dos gols e teve atua\u00e7\u00e3o decisiva na Arena MRV, participando ativamente do setor ofensivo. A exibi\u00e7\u00e3o chamou aten\u00e7\u00e3o n\u00e3o s\u00f3 pelo desempenho t\u00e9cnico, mas tamb\u00e9m pela entrega em campo. Ap\u00f3s [&hellip;]<\/p>\n","protected":false},"author":4,"featured_media":20355,"comment_status":"open","ping_status":"open","sticky":false,"template":"","format":"standard","meta":{"jnews-multi-image_gallery":[],"jnews_single_post":{"format":"standard"},"jnews_primary_category":[],"jnews_social_meta":[],"jnews_post_split":[],"footnotes":""},"categories":[1],"tags":[],"class_list":["post-25908","post","type-post","status-publish","format-standard","has-post-thumbnail","hentry","category-uncategorized"],"_links":{"self":[{"href":"https:\/\/diariodepernambuco.audiencelabs.com.br\/wp-json\/wp\/v2\/posts\/25908","targetHints":{"allow":["GET"]}}],"collection":[{"href":"https:\/\/diariodepernambuco.audiencelabs.com.br\/wp-json\/wp\/v2\/posts"}],"about":[{"href":"https:\/\/diariodepernambuco.audiencelabs.com.br\/wp-json\/wp\/v2\/types\/post"}],"author":[{"embeddable":true,"href":"https:\/\/diariodepernambuco.audiencelabs.com.br\/wp-json\/wp\/v2\/users\/4"}],"replies":[{"embeddable":true,"href":"https:\/\/diariodepernambuco.audiencelabs.com.br\/wp-json\/wp\/v2\/comments?post=25908"}],"version-history":[{"count":2,"href":"https:\/\/diariodepernambuco.audiencelabs.com.br\/wp-json\/wp\/v2\/posts\/25908\/revisions"}],"predecessor-version":[{"id":25910,"href":"https:\/\/diariodepernambuco.audiencelabs.com.br\/wp-json\/wp\/v2\/posts\/25908\/revisions\/25910"}],"wp:featuredmedia":[{"embeddable":true,"href":"https:\/\/diariodepernambuco.audiencelabs.com.br\/wp-json\/wp\/v2\/media\/20355"}],"wp:attachment":[{"href":"https:\/\/diariodepernambuco.audiencelabs.com.br\/wp-json\/wp\/v2\/media?parent=25908"}],"wp:term":[{"taxonomy":"category","embeddable":true,"href":"https:\/\/diariodepernambuco.audiencelabs.com.br\/wp-json\/wp\/v2\/categories?post=25908"},{"taxonomy":"post_tag","embeddable":true,"href":"https:\/\/diariodepernambuco.audiencelabs.com.br\/wp-json\/wp\/v2\/tags?post=25908"}],"curies":[{"name":"wp","href":"https:\/\/api.w.org\/{rel}","templated":true}]}}