{"id":25911,"date":"2026-04-27T10:30:00","date_gmt":"2026-04-27T13:30:00","guid":{"rendered":"https:\/\/diariodepernambuco.audiencelabs.com.br\/?p=25911"},"modified":"2026-04-27T09:57:02","modified_gmt":"2026-04-27T12:57:02","slug":"oficial-selecao-brasileira-divulga-lista-de-convocados","status":"publish","type":"post","link":"https:\/\/diariodepernambuco.audiencelabs.com.br\/oficial-selecao-brasileira-divulga-lista-de-convocados\/","title":{"rendered":"Oficial! Sele\u00e7\u00e3o Brasileira divulga lista de convocados"},"content":{"rendered":"\n<p>Enquanto o pa\u00eds vive a expectativa pela convoca\u00e7\u00e3o final de Carlo Ancelotti visando a Copa do Mundo de Futebol, Bernardinho j\u00e1 saiu na frente e anunciou seus escolhidos para a Liga das Na\u00e7\u00f5es de V\u00f4lei. O treinador divulgou a primeira lista desde seu retorno ao comando da sele\u00e7\u00e3o masculina, gerando grande expectativa entre os torcedores.<\/p>\n\n\n\n<p>Nesta primeira lista, Bernardinho chamou seis atletas para um per\u00edodo de treinos no Centro de Desenvolvimento do Voleibol, em Saquarema, no Rio de Janeiro. Os convocados s\u00e3o Honorato e Maicon, que atuam como ponteiros, al\u00e9m dos centrais Thierry, Barreto e Guilherme Voss. Tamb\u00e9m integra o grupo o l\u00edbero Pureza.<\/p>\n\n\n<div class=\"wp-block-image\">\n<figure class=\"aligncenter size-full is-resized\"><img loading=\"lazy\" decoding=\"async\" width=\"984\" height=\"656\" src=\"https:\/\/diariodepernambuco.audiencelabs.com.br\/wp-content\/uploads\/2026\/04\/Bernardinho.avif\" alt=\"\" class=\"wp-image-25915\" style=\"aspect-ratio:1.5000126951885235;width:632px;height:auto\" srcset=\"https:\/\/diariodepernambuco.audiencelabs.com.br\/wp-content\/uploads\/2026\/04\/Bernardinho.avif 984w, https:\/\/diariodepernambuco.audiencelabs.com.br\/wp-content\/uploads\/2026\/04\/Bernardinho-300x200.avif 300w, https:\/\/diariodepernambuco.audiencelabs.com.br\/wp-content\/uploads\/2026\/04\/Bernardinho-768x512.avif 768w, https:\/\/diariodepernambuco.audiencelabs.com.br\/wp-content\/uploads\/2026\/04\/Bernardinho-750x500.avif 750w\" sizes=\"auto, (max-width: 984px) 100vw, 984px\" \/><figcaption class=\"wp-element-caption\">Ucr\u00e2nia x Brasil pela Liga das Na\u00e7\u00f5es, no Maracan\u00e3zinho \u2014 Foto: Alexandre Dur\u00e3o<\/figcaption><\/figure>\n<\/div>\n\n\n<p>A lista conta com uma mescla de jogadores que buscam afirma\u00e7\u00e3o e espa\u00e7o dentro da sele\u00e7\u00e3o brasileira. A proposta de Bernardinho \u00e9 avaliar de perto o desempenho t\u00e9cnico e a adapta\u00e7\u00e3o dos atletas ao seu estilo de jogo. O treinador destacou a import\u00e2ncia desse per\u00edodo inicial de treinamentos para definir a base da equipe.<\/p>\n\n\n\n<p>A Sele\u00e7\u00e3o Brasileira Masculina de V\u00f4lei inicia sua prepara\u00e7\u00e3o nas pr\u00f3ximas semanas, com atividades intensas antes da disputa internacional. A expectativa \u00e9 de evolu\u00e7\u00e3o gradual, especialmente por se tratar de um novo ciclo sob o comando do t\u00e9cnico. A torcida acompanha com aten\u00e7\u00e3o cada passo dessa reformula\u00e7\u00e3o.<\/p>\n\n\n\n<h2 class=\"wp-block-heading\">Sele\u00e7\u00e3o ter\u00e1 maratona internacional at\u00e9 fase final<\/h2>\n\n\n\n<p>A caminhada da Sele\u00e7\u00e3o Brasileira Masculina de V\u00f4lei na Liga das Na\u00e7\u00f5es de V\u00f4lei come\u00e7a com jogos em Bras\u00edlia, entre os dias 10 e 14 de junho. Depois, a equipe segue para a segunda etapa da competi\u00e7\u00e3o em Liubliana, na Eslov\u00eania, onde entra em quadra entre 24 e 28 de junho.<\/p>\n\n\n\n<p>Encerrando a fase classificat\u00f3ria, o Brasil disputar\u00e1 a \u00faltima etapa em Chicago, nos Estados Unidos, entre os dias 15 e 19 de julho. J\u00e1 a fase final da competi\u00e7\u00e3o ser\u00e1 realizada em Ningbo, na China, entre 29 de julho e 2 de agosto. O formato refor\u00e7a o car\u00e1ter global do torneio e imp\u00f5e um grande desafio log\u00edstico e f\u00edsico para as sele\u00e7\u00f5es participantes.<\/p>\n\n\n\n<p><\/p>\n","protected":false},"excerpt":{"rendered":"<p>Enquanto o pa\u00eds vive a expectativa pela convoca\u00e7\u00e3o final de Carlo Ancelotti visando a Copa do Mundo de Futebol, Bernardinho j\u00e1 saiu na frente e anunciou seus escolhidos para a Liga das Na\u00e7\u00f5es de V\u00f4lei. O treinador divulgou a primeira lista desde seu retorno ao comando da sele\u00e7\u00e3o masculina, gerando grande expectativa entre os torcedores. [&hellip;]<\/p>\n","protected":false},"author":4,"featured_media":25591,"comment_status":"open","ping_status":"open","sticky":false,"template":"","format":"standard","meta":{"jnews-multi-image_gallery":[],"jnews_single_post":{"format":"standard"},"jnews_primary_category":[],"jnews_social_meta":[],"jnews_post_split":[],"footnotes":""},"categories":[1],"tags":[],"class_list":["post-25911","post","type-post","status-publish","format-standard","has-post-thumbnail","hentry","category-uncategorized"],"_links":{"self":[{"href":"https:\/\/diariodepernambuco.audiencelabs.com.br\/wp-json\/wp\/v2\/posts\/25911","targetHints":{"allow":["GET"]}}],"collection":[{"href":"https:\/\/diariodepernambuco.audiencelabs.com.br\/wp-json\/wp\/v2\/posts"}],"about":[{"href":"https:\/\/diariodepernambuco.audiencelabs.com.br\/wp-json\/wp\/v2\/types\/post"}],"author":[{"embeddable":true,"href":"https:\/\/diariodepernambuco.audiencelabs.com.br\/wp-json\/wp\/v2\/users\/4"}],"replies":[{"embeddable":true,"href":"https:\/\/diariodepernambuco.audiencelabs.com.br\/wp-json\/wp\/v2\/comments?post=25911"}],"version-history":[{"count":4,"href":"https:\/\/diariodepernambuco.audiencelabs.com.br\/wp-json\/wp\/v2\/posts\/25911\/revisions"}],"predecessor-version":[{"id":25917,"href":"https:\/\/diariodepernambuco.audiencelabs.com.br\/wp-json\/wp\/v2\/posts\/25911\/revisions\/25917"}],"wp:featuredmedia":[{"embeddable":true,"href":"https:\/\/diariodepernambuco.audiencelabs.com.br\/wp-json\/wp\/v2\/media\/25591"}],"wp:attachment":[{"href":"https:\/\/diariodepernambuco.audiencelabs.com.br\/wp-json\/wp\/v2\/media?parent=25911"}],"wp:term":[{"taxonomy":"category","embeddable":true,"href":"https:\/\/diariodepernambuco.audiencelabs.com.br\/wp-json\/wp\/v2\/categories?post=25911"},{"taxonomy":"post_tag","embeddable":true,"href":"https:\/\/diariodepernambuco.audiencelabs.com.br\/wp-json\/wp\/v2\/tags?post=25911"}],"curies":[{"name":"wp","href":"https:\/\/api.w.org\/{rel}","templated":true}]}}