{"id":25916,"date":"2026-04-27T10:16:03","date_gmt":"2026-04-27T13:16:03","guid":{"rendered":"https:\/\/diariodepernambuco.audiencelabs.com.br\/?p=25916"},"modified":"2026-04-27T10:16:15","modified_gmt":"2026-04-27T13:16:15","slug":"neymar-e-comunicado-sobre-lesao-grave-e-craque-esta-fora-da-copa-do-mundo","status":"publish","type":"post","link":"https:\/\/diariodepernambuco.audiencelabs.com.br\/neymar-e-comunicado-sobre-lesao-grave-e-craque-esta-fora-da-copa-do-mundo\/","title":{"rendered":"Neymar \u00e9 comunicado sobre les\u00e3o grave e craque est\u00e1 fora da Copa do Mundo"},"content":{"rendered":"\n<p>O jogador Neymar recebeu a confirma\u00e7\u00e3o sobre a situa\u00e7\u00e3o do amigo e tamb\u00e9m jogador <strong>\u00c9der Milit\u00e3o<\/strong>, que sofreu uma les\u00e3o no b\u00edceps femoral da coxa esquerda, um m\u00fasculo localizado na parte de tr\u00e1s da perna.<\/p>\n\n\n\n<p>O problema aconteceu durante uma partida do Real Madrid, quando Milit\u00e3o sentiu dores e precisou ser avaliado. Exames apontaram uma ruptura no b\u00edceps femoral justamente na mesma coxa que j\u00e1 havia sido lesionada meses antes.<\/p>\n\n\n\n<p>Por conta da gravidade, os m\u00e9dicos indicaram cirurgia como melhor caminho para recupera\u00e7\u00e3o. A cirurgia deve acontecer ainda nesta semana.<\/p>\n\n\n\n<h2 class=\"wp-block-heading\">Tempo de recupera\u00e7\u00e3o<\/h2>\n\n\n\n<p>A previs\u00e3o \u00e9 de um afastamento de aproximadamente quatro a cinco meses, per\u00edodo necess\u00e1rio para cicatriza\u00e7\u00e3o do m\u00fasculo e retorno aos treinos. Isso significa que Milit\u00e3o est\u00e1 fora da Copa do Mundo.<\/p>\n\n\n\n<h2 class=\"wp-block-heading\">Hist\u00f3rico recente na Sele\u00e7\u00e3o<\/h2>\n\n\n\n<p>Mesmo sendo pe\u00e7a fundamental no Real Madrid, Milit\u00e3o n\u00e3o teve tanta presen\u00e7a na Sele\u00e7\u00e3o nas \u00faltimas convoca\u00e7\u00f5es devido \u00e0s v\u00e1rias les\u00f5es. At\u00e9 abril deste ano, o zagueiro foi convocado apenas duas vezes pelo treinador Carlo Ancelotti.<\/p>\n","protected":false},"excerpt":{"rendered":"<p>O jogador Neymar recebeu a confirma\u00e7\u00e3o sobre a situa\u00e7\u00e3o do amigo e tamb\u00e9m jogador \u00c9der Milit\u00e3o, que sofreu uma les\u00e3o no b\u00edceps femoral da coxa esquerda, um m\u00fasculo localizado na parte de tr\u00e1s da perna. O problema aconteceu durante uma partida do Real Madrid, quando Milit\u00e3o sentiu dores e precisou ser avaliado. Exames apontaram uma [&hellip;]<\/p>\n","protected":false},"author":17,"featured_media":25936,"comment_status":"open","ping_status":"open","sticky":false,"template":"","format":"standard","meta":{"jnews-multi-image_gallery":[],"jnews_single_post":{"format":"standard"},"jnews_primary_category":[],"jnews_social_meta":[],"jnews_post_split":[],"footnotes":""},"categories":[1],"tags":[],"class_list":["post-25916","post","type-post","status-publish","format-standard","has-post-thumbnail","hentry","category-uncategorized"],"_links":{"self":[{"href":"https:\/\/diariodepernambuco.audiencelabs.com.br\/wp-json\/wp\/v2\/posts\/25916","targetHints":{"allow":["GET"]}}],"collection":[{"href":"https:\/\/diariodepernambuco.audiencelabs.com.br\/wp-json\/wp\/v2\/posts"}],"about":[{"href":"https:\/\/diariodepernambuco.audiencelabs.com.br\/wp-json\/wp\/v2\/types\/post"}],"author":[{"embeddable":true,"href":"https:\/\/diariodepernambuco.audiencelabs.com.br\/wp-json\/wp\/v2\/users\/17"}],"replies":[{"embeddable":true,"href":"https:\/\/diariodepernambuco.audiencelabs.com.br\/wp-json\/wp\/v2\/comments?post=25916"}],"version-history":[{"count":1,"href":"https:\/\/diariodepernambuco.audiencelabs.com.br\/wp-json\/wp\/v2\/posts\/25916\/revisions"}],"predecessor-version":[{"id":25937,"href":"https:\/\/diariodepernambuco.audiencelabs.com.br\/wp-json\/wp\/v2\/posts\/25916\/revisions\/25937"}],"wp:featuredmedia":[{"embeddable":true,"href":"https:\/\/diariodepernambuco.audiencelabs.com.br\/wp-json\/wp\/v2\/media\/25936"}],"wp:attachment":[{"href":"https:\/\/diariodepernambuco.audiencelabs.com.br\/wp-json\/wp\/v2\/media?parent=25916"}],"wp:term":[{"taxonomy":"category","embeddable":true,"href":"https:\/\/diariodepernambuco.audiencelabs.com.br\/wp-json\/wp\/v2\/categories?post=25916"},{"taxonomy":"post_tag","embeddable":true,"href":"https:\/\/diariodepernambuco.audiencelabs.com.br\/wp-json\/wp\/v2\/tags?post=25916"}],"curies":[{"name":"wp","href":"https:\/\/api.w.org\/{rel}","templated":true}]}}