{"id":25924,"date":"2026-04-27T11:00:00","date_gmt":"2026-04-27T14:00:00","guid":{"rendered":"https:\/\/diariodepernambuco.audiencelabs.com.br\/?p=25924"},"modified":"2026-04-27T10:08:33","modified_gmt":"2026-04-27T13:08:33","slug":"byd-vai-anunciar-uma-bateria-que-carrega-100-em-apenas-10-minutos","status":"publish","type":"post","link":"https:\/\/diariodepernambuco.audiencelabs.com.br\/byd-vai-anunciar-uma-bateria-que-carrega-100-em-apenas-10-minutos\/","title":{"rendered":"BYD vai anunciar bateria que carrega 100% em apenas 8 minutos"},"content":{"rendered":"\n<p>A BYD promete revolucionar o mercado de carros el\u00e9tricos com uma nova tecnologia de bateria capaz de atingir carga completa em cerca de 8 minutos. A novidade faz parte de um pacote de inova\u00e7\u00e3o que inclui tamb\u00e9m supercarregadores ultrarr\u00e1pidos, aproximando o tempo de recarga ao de um abastecimento convencional.<\/p>\n\n\n\n<p>O sistema, chamado de \u201cFlash Charging\u201d, \u00e9 capaz de levar a bateria de 10% a 70% em aproximadamente cinco minutos, chegando perto de 100% em menos de nove minutos. Essa velocidade in\u00e9dita \u00e9 poss\u00edvel gra\u00e7as a uma combina\u00e7\u00e3o de alta pot\u00eancia, chegando a 1.500 kW, e melhorias no gerenciamento t\u00e9rmico das baterias.<\/p>\n\n\n\n<p>No Brasil, a novidade j\u00e1 come\u00e7a a dar seus primeiros passos com a instala\u00e7\u00e3o de um supercarregador em Bras\u00edlia. O equipamento ser\u00e1 capaz de fornecer autonomia rapidamente, podendo gerar quil\u00f4metros de alcance em poucos segundos. A capital federal foi escolhida como ponto inicial dessa expans\u00e3o, que deve crescer nos pr\u00f3ximos anos.<\/p>\n\n\n\n<p>Al\u00e9m disso, a montadora pretende ampliar a infraestrutura no pa\u00eds com centenas de novos pontos de carregamento ultrarr\u00e1pido. A estrat\u00e9gia faz parte de um plano global para popularizar ve\u00edculos el\u00e9tricos e tornar o carregamento cada vez mais acess\u00edvel. Com baterias mais eficientes e recargas quase instant\u00e2neas, a tend\u00eancia \u00e9 que a ado\u00e7\u00e3o desse tipo de ve\u00edculo acelere.<\/p>\n\n\n\n<h2 class=\"wp-block-heading\">Tecnologia promete transformar a experi\u00eancia com carros el\u00e9tricos<\/h2>\n\n\n\n<p>A chegada do sistema ao pa\u00eds representa um avan\u00e7o significativo para a mobilidade el\u00e9trica, especialmente diante das limita\u00e7\u00f5es atuais de infraestrutura. Com carregadores capazes de entregar alta pot\u00eancia em poucos minutos, o Brasil entra no radar de inova\u00e7\u00e3o da BYD.<\/p>\n\n\n\n<p>Com a promessa de reduzir drasticamente o tempo de recarga, a tecnologia pode mudar a forma como motoristas enxergam os ve\u00edculos el\u00e9tricos. A praticidade tende a se aproximar cada vez mais dos carros a combust\u00e3o, eliminando uma das principais preocupa\u00e7\u00f5es dos consumidores.<\/p>\n","protected":false},"excerpt":{"rendered":"<p>A BYD promete revolucionar o mercado de carros el\u00e9tricos com uma nova tecnologia de bateria capaz de atingir carga completa em cerca de 8 minutos. A novidade faz parte de um pacote de inova\u00e7\u00e3o que inclui tamb\u00e9m supercarregadores ultrarr\u00e1pidos, aproximando o tempo de recarga ao de um abastecimento convencional. O sistema, chamado de \u201cFlash Charging\u201d, [&hellip;]<\/p>\n","protected":false},"author":4,"featured_media":24270,"comment_status":"open","ping_status":"open","sticky":false,"template":"","format":"standard","meta":{"jnews-multi-image_gallery":[],"jnews_single_post":{"format":"standard"},"jnews_primary_category":[],"jnews_social_meta":[],"jnews_post_split":[],"footnotes":""},"categories":[1],"tags":[],"class_list":["post-25924","post","type-post","status-publish","format-standard","has-post-thumbnail","hentry","category-uncategorized"],"_links":{"self":[{"href":"https:\/\/diariodepernambuco.audiencelabs.com.br\/wp-json\/wp\/v2\/posts\/25924","targetHints":{"allow":["GET"]}}],"collection":[{"href":"https:\/\/diariodepernambuco.audiencelabs.com.br\/wp-json\/wp\/v2\/posts"}],"about":[{"href":"https:\/\/diariodepernambuco.audiencelabs.com.br\/wp-json\/wp\/v2\/types\/post"}],"author":[{"embeddable":true,"href":"https:\/\/diariodepernambuco.audiencelabs.com.br\/wp-json\/wp\/v2\/users\/4"}],"replies":[{"embeddable":true,"href":"https:\/\/diariodepernambuco.audiencelabs.com.br\/wp-json\/wp\/v2\/comments?post=25924"}],"version-history":[{"count":3,"href":"https:\/\/diariodepernambuco.audiencelabs.com.br\/wp-json\/wp\/v2\/posts\/25924\/revisions"}],"predecessor-version":[{"id":25928,"href":"https:\/\/diariodepernambuco.audiencelabs.com.br\/wp-json\/wp\/v2\/posts\/25924\/revisions\/25928"}],"wp:featuredmedia":[{"embeddable":true,"href":"https:\/\/diariodepernambuco.audiencelabs.com.br\/wp-json\/wp\/v2\/media\/24270"}],"wp:attachment":[{"href":"https:\/\/diariodepernambuco.audiencelabs.com.br\/wp-json\/wp\/v2\/media?parent=25924"}],"wp:term":[{"taxonomy":"category","embeddable":true,"href":"https:\/\/diariodepernambuco.audiencelabs.com.br\/wp-json\/wp\/v2\/categories?post=25924"},{"taxonomy":"post_tag","embeddable":true,"href":"https:\/\/diariodepernambuco.audiencelabs.com.br\/wp-json\/wp\/v2\/tags?post=25924"}],"curies":[{"name":"wp","href":"https:\/\/api.w.org\/{rel}","templated":true}]}}