{"id":25930,"date":"2026-04-27T11:30:00","date_gmt":"2026-04-27T14:30:00","guid":{"rendered":"https:\/\/diariodepernambuco.audiencelabs.com.br\/?p=25930"},"modified":"2026-04-27T10:16:35","modified_gmt":"2026-04-27T13:16:35","slug":"maior-fabrica-de-maquinas-pesadas-vai-ser-construida-no-brasil-e-promete-gerar-mais-de-1-000-empregos","status":"publish","type":"post","link":"https:\/\/diariodepernambuco.audiencelabs.com.br\/maior-fabrica-de-maquinas-pesadas-vai-ser-construida-no-brasil-e-promete-gerar-mais-de-1-000-empregos\/","title":{"rendered":"Maior f\u00e1brica de m\u00e1quinas pesadas vai ser constru\u00edda no Brasil e promete gerar mais de 1.000 empregos"},"content":{"rendered":"\n<p>Uma das l\u00edderes globais do setor de m\u00e1quinas pesadas, a Sany Group, confirmou a instala\u00e7\u00e3o de uma nova f\u00e1brica no Brasil. O projeto ser\u00e1 implantado na regi\u00e3o de Campinas, no interior de S\u00e3o Paulo, considerada um dos principais polos industriais do pa\u00eds. A iniciativa faz parte da estrat\u00e9gia da empresa de ampliar sua presen\u00e7a no mercado nacional.<\/p>\n\n\n\n<p>A nova planta ser\u00e1 voltada \u00e0 produ\u00e7\u00e3o de caminh\u00f5es e m\u00e1quinas da chamada \u201clinha amarela\u201d, utilizadas principalmente em obras de infraestrutura e constru\u00e7\u00e3o civil. Inicialmente, a opera\u00e7\u00e3o funcionar\u00e1 no modelo CKD, com montagem de equipamentos que chegam desmontados do exterior.<\/p>\n\n\n\n<p>Com o tempo, a empresa pretende aumentar o \u00edndice de nacionaliza\u00e7\u00e3o dos componentes produzidos no Brasil. A meta \u00e9 adaptar os produtos \u00e0s necessidades do mercado brasileiro. O impacto econ\u00f4mico promete ser significativo, com a gera\u00e7\u00e3o de mais de 1.000 empregos diretos e indiretos ao longo da cadeia produtiva.<\/p>\n\n\n\n<p>S\u00f3 na fase inicial, a empresa projeta ampliar seu quadro de funcion\u00e1rios no pa\u00eds de cerca de 400 para mais de 600 colaboradores. Al\u00e9m disso, a chegada da f\u00e1brica deve impulsionar setores como log\u00edstica, servi\u00e7os e fornecedores locais. A movimenta\u00e7\u00e3o tende a fortalecer ainda mais a economia da regi\u00e3o de Campinas.<\/p>\n\n\n\n<p>A escolha do interior paulista n\u00e3o foi por acaso, j\u00e1 que a regi\u00e3o oferece infraestrutura log\u00edstica, m\u00e3o de obra qualificada e proximidade com grandes centros consumidores. A nova unidade tamb\u00e9m faz parte de um plano mais amplo de expans\u00e3o da companhia no Brasil. Com isso, o pa\u00eds se consolida como um mercado estrat\u00e9gico para a ind\u00fastria de m\u00e1quinas pesadas.<\/p>\n\n\n\n<h2 class=\"wp-block-heading\">Projeto industrial refor\u00e7a interior paulista como polo estrat\u00e9gico<\/h2>\n\n\n\n<p>A instala\u00e7\u00e3o da f\u00e1brica na regi\u00e3o de Campinas refor\u00e7a o protagonismo do interior de S\u00e3o Paulo no cen\u00e1rio industrial brasileiro. A \u00e1rea j\u00e1 \u00e9 reconhecida por sua forte concentra\u00e7\u00e3o de empresas, al\u00e9m de contar com excelente infraestrutura de transporte e tecnologia. Esse ambiente favorece a chegada de novos investimentos e amplia a competitividade da regi\u00e3o.<\/p>\n\n\n\n<p>Al\u00e9m disso, a presen\u00e7a da nova unidade deve estimular o desenvolvimento de fornecedores e parceiros locais. A cadeia produtiva tende a se expandir, gerando oportunidades em diferentes setores da economia. O efeito multiplicador pode impactar positivamente n\u00e3o apenas Campinas, mas toda a regi\u00e3o metropolitana.<\/p>\n\n\n\n<p><\/p>\n","protected":false},"excerpt":{"rendered":"<p>Uma das l\u00edderes globais do setor de m\u00e1quinas pesadas, a Sany Group, confirmou a instala\u00e7\u00e3o de uma nova f\u00e1brica no Brasil. O projeto ser\u00e1 implantado na regi\u00e3o de Campinas, no interior de S\u00e3o Paulo, considerada um dos principais polos industriais do pa\u00eds. A iniciativa faz parte da estrat\u00e9gia da empresa de ampliar sua presen\u00e7a no [&hellip;]<\/p>\n","protected":false},"author":4,"featured_media":25938,"comment_status":"open","ping_status":"open","sticky":false,"template":"","format":"standard","meta":{"jnews-multi-image_gallery":[],"jnews_single_post":{"format":"standard"},"jnews_primary_category":[],"jnews_social_meta":[],"jnews_post_split":[],"footnotes":""},"categories":[1],"tags":[],"class_list":["post-25930","post","type-post","status-publish","format-standard","has-post-thumbnail","hentry","category-uncategorized"],"_links":{"self":[{"href":"https:\/\/diariodepernambuco.audiencelabs.com.br\/wp-json\/wp\/v2\/posts\/25930","targetHints":{"allow":["GET"]}}],"collection":[{"href":"https:\/\/diariodepernambuco.audiencelabs.com.br\/wp-json\/wp\/v2\/posts"}],"about":[{"href":"https:\/\/diariodepernambuco.audiencelabs.com.br\/wp-json\/wp\/v2\/types\/post"}],"author":[{"embeddable":true,"href":"https:\/\/diariodepernambuco.audiencelabs.com.br\/wp-json\/wp\/v2\/users\/4"}],"replies":[{"embeddable":true,"href":"https:\/\/diariodepernambuco.audiencelabs.com.br\/wp-json\/wp\/v2\/comments?post=25930"}],"version-history":[{"count":3,"href":"https:\/\/diariodepernambuco.audiencelabs.com.br\/wp-json\/wp\/v2\/posts\/25930\/revisions"}],"predecessor-version":[{"id":25940,"href":"https:\/\/diariodepernambuco.audiencelabs.com.br\/wp-json\/wp\/v2\/posts\/25930\/revisions\/25940"}],"wp:featuredmedia":[{"embeddable":true,"href":"https:\/\/diariodepernambuco.audiencelabs.com.br\/wp-json\/wp\/v2\/media\/25938"}],"wp:attachment":[{"href":"https:\/\/diariodepernambuco.audiencelabs.com.br\/wp-json\/wp\/v2\/media?parent=25930"}],"wp:term":[{"taxonomy":"category","embeddable":true,"href":"https:\/\/diariodepernambuco.audiencelabs.com.br\/wp-json\/wp\/v2\/categories?post=25930"},{"taxonomy":"post_tag","embeddable":true,"href":"https:\/\/diariodepernambuco.audiencelabs.com.br\/wp-json\/wp\/v2\/tags?post=25930"}],"curies":[{"name":"wp","href":"https:\/\/api.w.org\/{rel}","templated":true}]}}