{"id":25939,"date":"2026-04-27T10:41:01","date_gmt":"2026-04-27T13:41:01","guid":{"rendered":"https:\/\/diariodepernambuco.audiencelabs.com.br\/?p=25939"},"modified":"2026-04-27T10:41:03","modified_gmt":"2026-04-27T13:41:03","slug":"esse-sera-o-time-que-deve-anunciar-a-contratacao-de-hulk-nos-proximos-dias","status":"publish","type":"post","link":"https:\/\/diariodepernambuco.audiencelabs.com.br\/esse-sera-o-time-que-deve-anunciar-a-contratacao-de-hulk-nos-proximos-dias\/","title":{"rendered":"Esse ser\u00e1 o time que deve anunciar a contrata\u00e7\u00e3o de Hulk nos pr\u00f3ximos dias"},"content":{"rendered":"\n<p>O <strong>Fluminense<\/strong> aparece como o time mais pr\u00f3ximo de anunciar a contrata\u00e7\u00e3o de <strong>Hulk<\/strong> nos pr\u00f3ximos dias. Dentro do clube, a expectativa \u00e9 grande, j\u00e1 que a diretoria entende que essa pode ser uma oportunidade para fortalecer o elenco.<\/p>\n\n\n\n<p>Vale lembrar que essa n\u00e3o \u00e9 a primeira vez que o Fluminense tenta contratar o atacante. No in\u00edcio do ano, o clube j\u00e1 havia demonstrado interesse, mas as conversas n\u00e3o avan\u00e7aram naquele momento. Hulk \u00e9 visto como um jogador que pode agregar muito ao time, n\u00e3o apenas pela qualidade t\u00e9cnica, mas tamb\u00e9m pela experi\u00eancia.<\/p>\n\n\n\n<h2 class=\"wp-block-heading\">Negocia\u00e7\u00e3o em andamento<\/h2>\n\n\n\n<p>Segundo informa\u00e7\u00f5es do <em>ge<\/em>, nos \u00faltimos dias, alguns sinais indicaram que as conversas entre o jogador e o clube evolu\u00edram. A aus\u00eancia do jogador em uma partida do Atl\u00e9tico Mineiro neste domingo (26) chamou aten\u00e7\u00e3o e aumentou as especula\u00e7\u00f5es sobre a sa\u00edda.<\/p>\n\n\n\n<p>Por\u00e9m, ainda segundo o ge, Hulk j\u00e1 atingiu o limite de jogos por outro clube no Campeonato Brasileiro, o que impede sua atua\u00e7\u00e3o pelo clube mineiro at\u00e9 a transfer\u00eancia.<\/p>\n","protected":false},"excerpt":{"rendered":"<p>O Fluminense aparece como o time mais pr\u00f3ximo de anunciar a contrata\u00e7\u00e3o de Hulk nos pr\u00f3ximos dias. Dentro do clube, a expectativa \u00e9 grande, j\u00e1 que a diretoria entende que essa pode ser uma oportunidade para fortalecer o elenco. Vale lembrar que essa n\u00e3o \u00e9 a primeira vez que o Fluminense tenta contratar o atacante. [&hellip;]<\/p>\n","protected":false},"author":17,"featured_media":25953,"comment_status":"open","ping_status":"open","sticky":false,"template":"","format":"standard","meta":{"jnews-multi-image_gallery":[],"jnews_single_post":{"format":"standard"},"jnews_primary_category":[],"jnews_social_meta":[],"jnews_post_split":[],"footnotes":""},"categories":[1],"tags":[],"class_list":["post-25939","post","type-post","status-publish","format-standard","has-post-thumbnail","hentry","category-uncategorized"],"_links":{"self":[{"href":"https:\/\/diariodepernambuco.audiencelabs.com.br\/wp-json\/wp\/v2\/posts\/25939","targetHints":{"allow":["GET"]}}],"collection":[{"href":"https:\/\/diariodepernambuco.audiencelabs.com.br\/wp-json\/wp\/v2\/posts"}],"about":[{"href":"https:\/\/diariodepernambuco.audiencelabs.com.br\/wp-json\/wp\/v2\/types\/post"}],"author":[{"embeddable":true,"href":"https:\/\/diariodepernambuco.audiencelabs.com.br\/wp-json\/wp\/v2\/users\/17"}],"replies":[{"embeddable":true,"href":"https:\/\/diariodepernambuco.audiencelabs.com.br\/wp-json\/wp\/v2\/comments?post=25939"}],"version-history":[{"count":1,"href":"https:\/\/diariodepernambuco.audiencelabs.com.br\/wp-json\/wp\/v2\/posts\/25939\/revisions"}],"predecessor-version":[{"id":25954,"href":"https:\/\/diariodepernambuco.audiencelabs.com.br\/wp-json\/wp\/v2\/posts\/25939\/revisions\/25954"}],"wp:featuredmedia":[{"embeddable":true,"href":"https:\/\/diariodepernambuco.audiencelabs.com.br\/wp-json\/wp\/v2\/media\/25953"}],"wp:attachment":[{"href":"https:\/\/diariodepernambuco.audiencelabs.com.br\/wp-json\/wp\/v2\/media?parent=25939"}],"wp:term":[{"taxonomy":"category","embeddable":true,"href":"https:\/\/diariodepernambuco.audiencelabs.com.br\/wp-json\/wp\/v2\/categories?post=25939"},{"taxonomy":"post_tag","embeddable":true,"href":"https:\/\/diariodepernambuco.audiencelabs.com.br\/wp-json\/wp\/v2\/tags?post=25939"}],"curies":[{"name":"wp","href":"https:\/\/api.w.org\/{rel}","templated":true}]}}