{"id":25955,"date":"2026-04-27T11:00:58","date_gmt":"2026-04-27T14:00:58","guid":{"rendered":"https:\/\/diariodepernambuco.audiencelabs.com.br\/?p=25955"},"modified":"2026-04-27T11:01:00","modified_gmt":"2026-04-27T14:01:00","slug":"governo-confirma-folgao-de-3-dias-sem-precisar-de-atestado-medico-no-brasil","status":"publish","type":"post","link":"https:\/\/diariodepernambuco.audiencelabs.com.br\/governo-confirma-folgao-de-3-dias-sem-precisar-de-atestado-medico-no-brasil\/","title":{"rendered":"Governo confirma folg\u00e3o de 3 dias sem precisar de atestado m\u00e9dico no Brasil"},"content":{"rendered":"\n<p>O pr\u00f3ximo feriado est\u00e1 confirmado e est\u00e1 ligado ao <strong>Dia do Trabalhador, celebrado em 1\u00ba de maio<\/strong>, uma data nacional que homenageia a contribui\u00e7\u00e3o dos trabalhadores em todo o pa\u00eds.<\/p>\n\n\n\n<p>Neste ano, o feriado cai em uma sexta-feira, o que permite um <em>folg\u00e3o <\/em>de at\u00e9 tr\u00eas dias consecutivos sem necessidade de atestado m\u00e9dico. Com isso, o trabalhador pode ter mais tempo livre para descansar, desde que esteja dentro das regras estabelecidas pela empresa ou por acordos coletivos.<\/p>\n\n\n\n<h2 class=\"wp-block-heading\">Quem pode ter acesso ao benef\u00edcio<\/h2>\n\n\n\n<p>A folga estendida n\u00e3o vale para todos, j\u00e1 que depende do setor de atua\u00e7\u00e3o e das normas de cada atividade. Servi\u00e7os essenciais continuam funcionando normalmente, com equipes em escala para garantir funcionamento. J\u00e1 \u00e1reas administrativas e empresas com maior flexibilidade podem adotar outros esquemas, desde que respeitem as pr\u00f3prias regras internas.<\/p>\n\n\n\n<h2 class=\"wp-block-heading\">Impactos nos setores<\/h2>\n\n\n\n<p>O efeito desse folg\u00e3o deve ser mais vis\u00edvel no com\u00e9rcio, no turismo e no lazer. O com\u00e9rcio tende a registrar aumento no movimento, principalmente em lojas de shopping, j\u00e1 que muitas pessoas aproveitam o feriado para fazer compras.<\/p>\n\n\n\n<p>No turismo, hot\u00e9is, pousadas e destinos de viagem costumam ter maior procura, com alta na ocupa\u00e7\u00e3o e nas reservas. J\u00e1 o setor de lazer, como cinemas, parques e restaurantes, tamb\u00e9m se beneficia, com fluxo maior e mais movimentados.<\/p>\n","protected":false},"excerpt":{"rendered":"<p>O pr\u00f3ximo feriado est\u00e1 confirmado e est\u00e1 ligado ao Dia do Trabalhador, celebrado em 1\u00ba de maio, uma data nacional que homenageia a contribui\u00e7\u00e3o dos trabalhadores em todo o pa\u00eds. Neste ano, o feriado cai em uma sexta-feira, o que permite um folg\u00e3o de at\u00e9 tr\u00eas dias consecutivos sem necessidade de atestado m\u00e9dico. Com isso, [&hellip;]<\/p>\n","protected":false},"author":17,"featured_media":18091,"comment_status":"open","ping_status":"open","sticky":false,"template":"","format":"standard","meta":{"jnews-multi-image_gallery":[],"jnews_single_post":{"format":"standard"},"jnews_primary_category":[],"jnews_social_meta":[],"jnews_post_split":[],"footnotes":""},"categories":[1],"tags":[],"class_list":["post-25955","post","type-post","status-publish","format-standard","has-post-thumbnail","hentry","category-uncategorized"],"_links":{"self":[{"href":"https:\/\/diariodepernambuco.audiencelabs.com.br\/wp-json\/wp\/v2\/posts\/25955","targetHints":{"allow":["GET"]}}],"collection":[{"href":"https:\/\/diariodepernambuco.audiencelabs.com.br\/wp-json\/wp\/v2\/posts"}],"about":[{"href":"https:\/\/diariodepernambuco.audiencelabs.com.br\/wp-json\/wp\/v2\/types\/post"}],"author":[{"embeddable":true,"href":"https:\/\/diariodepernambuco.audiencelabs.com.br\/wp-json\/wp\/v2\/users\/17"}],"replies":[{"embeddable":true,"href":"https:\/\/diariodepernambuco.audiencelabs.com.br\/wp-json\/wp\/v2\/comments?post=25955"}],"version-history":[{"count":2,"href":"https:\/\/diariodepernambuco.audiencelabs.com.br\/wp-json\/wp\/v2\/posts\/25955\/revisions"}],"predecessor-version":[{"id":25959,"href":"https:\/\/diariodepernambuco.audiencelabs.com.br\/wp-json\/wp\/v2\/posts\/25955\/revisions\/25959"}],"wp:featuredmedia":[{"embeddable":true,"href":"https:\/\/diariodepernambuco.audiencelabs.com.br\/wp-json\/wp\/v2\/media\/18091"}],"wp:attachment":[{"href":"https:\/\/diariodepernambuco.audiencelabs.com.br\/wp-json\/wp\/v2\/media?parent=25955"}],"wp:term":[{"taxonomy":"category","embeddable":true,"href":"https:\/\/diariodepernambuco.audiencelabs.com.br\/wp-json\/wp\/v2\/categories?post=25955"},{"taxonomy":"post_tag","embeddable":true,"href":"https:\/\/diariodepernambuco.audiencelabs.com.br\/wp-json\/wp\/v2\/tags?post=25955"}],"curies":[{"name":"wp","href":"https:\/\/api.w.org\/{rel}","templated":true}]}}