{"id":25957,"date":"2026-04-28T13:41:00","date_gmt":"2026-04-28T16:41:00","guid":{"rendered":"https:\/\/diariodepernambuco.audiencelabs.com.br\/?p=25957"},"modified":"2026-04-27T11:04:45","modified_gmt":"2026-04-27T14:04:45","slug":"presidente-confirma-que-salarios-vao-ser-reduzidos-no-pais-apos-mudanca-na-jornada-de-trabalho","status":"publish","type":"post","link":"https:\/\/diariodepernambuco.audiencelabs.com.br\/presidente-confirma-que-salarios-vao-ser-reduzidos-no-pais-apos-mudanca-na-jornada-de-trabalho\/","title":{"rendered":"Presidente confirma que sal\u00e1rios v\u00e3o ser reduzidos no pa\u00eds ap\u00f3s mudan\u00e7a na jornada de trabalho"},"content":{"rendered":"\n<p>Uma poss\u00edvel mudan\u00e7a na jornada de trabalho no Brasil tem gerado debates intensos entre especialistas e representantes da ind\u00fastria. Durante a Hannover Messe, o presidente da Associa\u00e7\u00e3o Brasileira da Ind\u00fastria de M\u00e1quinas e Equipamentos, Jos\u00e9 Veloso, afirmou que a redu\u00e7\u00e3o da carga hor\u00e1ria pode trazer impactos diretos nos sal\u00e1rios.<\/p>\n\n\n\n<p>Segundo ele, a medida, se imposta por lei e sem ganho de produtividade, tende a gerar consequ\u00eancias negativas. O alerta acendeu discuss\u00f5es sobre o futuro das rela\u00e7\u00f5es de trabalho no pa\u00eds. De acordo com Veloso, empresas \u2014 especialmente as de menor porte \u2014 teriam dificuldades para manter o mesmo n\u00edvel de remunera\u00e7\u00e3o com uma jornada reduzida.<\/p>\n\n\n\n<p>Ele destacou que, diante da necessidade de contratar mais funcion\u00e1rios para compensar a carga hor\u00e1ria menor, os custos operacionais aumentariam. \u201cVai diminuir o sal\u00e1rio, vai precarizar\u201d, afirmou, ao comentar os poss\u00edveis efeitos da mudan\u00e7a. A fala refor\u00e7a a preocupa\u00e7\u00e3o do setor produtivo com o equil\u00edbrio financeiro das companhias.<\/p>\n\n\n\n<p>O impacto, segundo o representante da ind\u00fastria, pode atingir diretamente a estrutura das empresas, pressionando margens e reduzindo a capacidade de investimento. Pequenos e m\u00e9dios neg\u00f3cios seriam os mais afetados nesse cen\u00e1rio, j\u00e1 que possuem menor flexibilidade financeira.<\/p>\n\n\n\n<p>Veloso ainda defendeu que eventuais mudan\u00e7as na jornada sejam discutidas por meio de negocia\u00e7\u00f5es diretas entre empresas e trabalhadores. Para ele, acordos coletivos permitem solu\u00e7\u00f5es mais equilibradas e adaptadas \u00e0 realidade de cada setor. A imposi\u00e7\u00e3o por via constitucional, segundo o dirigente, pode limitar a flexibilidade necess\u00e1ria para manter empregos e sal\u00e1rios.<\/p>\n\n\n\n<h2 class=\"wp-block-heading\">Debate sobre jornada de trabalho divide especialistas<\/h2>\n\n\n\n<p>A discuss\u00e3o sobre a redu\u00e7\u00e3o da jornada de trabalho sem corte salarial tem dividido opini\u00f5es entre trabalhadores, empresas e especialistas. Enquanto alguns defendem a medida como forma de melhorar a qualidade de vida, outros alertam para os riscos econ\u00f4micos envolvidos.<\/p>\n\n\n\n<p>Representantes da ind\u00fastria destacam que, sem aumento de produtividade, a mudan\u00e7a pode gerar desequil\u00edbrios financeiros. O tema ganha for\u00e7a em meio a propostas que buscam alterar a legisla\u00e7\u00e3o trabalhista no pa\u00eds. Al\u00e9m disso, o impacto pode variar de acordo com o setor e o porte das empresas, tornando o debate ainda mais complexo.<\/p>\n","protected":false},"excerpt":{"rendered":"<p>Uma poss\u00edvel mudan\u00e7a na jornada de trabalho no Brasil tem gerado debates intensos entre especialistas e representantes da ind\u00fastria. Durante a Hannover Messe, o presidente da Associa\u00e7\u00e3o Brasileira da Ind\u00fastria de M\u00e1quinas e Equipamentos, Jos\u00e9 Veloso, afirmou que a redu\u00e7\u00e3o da carga hor\u00e1ria pode trazer impactos diretos nos sal\u00e1rios. Segundo ele, a medida, se imposta [&hellip;]<\/p>\n","protected":false},"author":4,"featured_media":1536,"comment_status":"open","ping_status":"open","sticky":false,"template":"","format":"standard","meta":{"jnews-multi-image_gallery":[],"jnews_single_post":{"format":"standard"},"jnews_primary_category":[],"jnews_social_meta":[],"jnews_post_split":[],"footnotes":""},"categories":[1],"tags":[],"class_list":["post-25957","post","type-post","status-publish","format-standard","has-post-thumbnail","hentry","category-uncategorized"],"_links":{"self":[{"href":"https:\/\/diariodepernambuco.audiencelabs.com.br\/wp-json\/wp\/v2\/posts\/25957","targetHints":{"allow":["GET"]}}],"collection":[{"href":"https:\/\/diariodepernambuco.audiencelabs.com.br\/wp-json\/wp\/v2\/posts"}],"about":[{"href":"https:\/\/diariodepernambuco.audiencelabs.com.br\/wp-json\/wp\/v2\/types\/post"}],"author":[{"embeddable":true,"href":"https:\/\/diariodepernambuco.audiencelabs.com.br\/wp-json\/wp\/v2\/users\/4"}],"replies":[{"embeddable":true,"href":"https:\/\/diariodepernambuco.audiencelabs.com.br\/wp-json\/wp\/v2\/comments?post=25957"}],"version-history":[{"count":2,"href":"https:\/\/diariodepernambuco.audiencelabs.com.br\/wp-json\/wp\/v2\/posts\/25957\/revisions"}],"predecessor-version":[{"id":25962,"href":"https:\/\/diariodepernambuco.audiencelabs.com.br\/wp-json\/wp\/v2\/posts\/25957\/revisions\/25962"}],"wp:featuredmedia":[{"embeddable":true,"href":"https:\/\/diariodepernambuco.audiencelabs.com.br\/wp-json\/wp\/v2\/media\/1536"}],"wp:attachment":[{"href":"https:\/\/diariodepernambuco.audiencelabs.com.br\/wp-json\/wp\/v2\/media?parent=25957"}],"wp:term":[{"taxonomy":"category","embeddable":true,"href":"https:\/\/diariodepernambuco.audiencelabs.com.br\/wp-json\/wp\/v2\/categories?post=25957"},{"taxonomy":"post_tag","embeddable":true,"href":"https:\/\/diariodepernambuco.audiencelabs.com.br\/wp-json\/wp\/v2\/tags?post=25957"}],"curies":[{"name":"wp","href":"https:\/\/api.w.org\/{rel}","templated":true}]}}