{"id":25960,"date":"2026-04-27T12:01:41","date_gmt":"2026-04-27T15:01:41","guid":{"rendered":"https:\/\/diariodepernambuco.audiencelabs.com.br\/?p=25960"},"modified":"2026-04-27T12:01:43","modified_gmt":"2026-04-27T15:01:43","slug":"lei-aprovada-confirma-pausa-geral-nas-escolas-no-mes-de-maio","status":"publish","type":"post","link":"https:\/\/diariodepernambuco.audiencelabs.com.br\/lei-aprovada-confirma-pausa-geral-nas-escolas-no-mes-de-maio\/","title":{"rendered":"Lei aprovada confirma pausa geral nas escolas no m\u00eas de maio"},"content":{"rendered":"\n<p>Uma regra, ligada \u00e0 Lei Federal n\u00ba 662\/49, confirma uma pequena pausa nas atividades escolares durante o m\u00eas de maio. A pausa est\u00e1 ligada ao <strong>Dia do Trabalho<\/strong>, celebrado em <strong>1\u00ba de maio<\/strong>, que \u00e9 feriado nacional.<\/p>\n\n\n\n<p>Nesse dia n\u00e3o h\u00e1 aulas, e como a data se aproxima do fim de semana, acaba formando um per\u00edodo de descanso maior para alunos e professores, sem necessidade de outras mudan\u00e7as no calend\u00e1rio escolar.<\/p>\n\n\n\n<h2 class=\"wp-block-heading\">Como fica a rotina depois da pausa<\/h2>\n\n\n\n<p>Depois desse per\u00edodo, as escolas retomam as atividades normalmente, sem extens\u00e3o do feriado para outros dias. N\u00e3o h\u00e1 previs\u00e3o de paralisa\u00e7\u00e3o prolongada ou de outras mudan\u00e7as na organiza\u00e7\u00e3o do m\u00eas. Em alguns casos, as institui\u00e7\u00f5es podem apenas ajustar a ordem de conte\u00fados ou redistribuir tarefas.<\/p>\n\n\n\n<h2 class=\"wp-block-heading\">Pequeno descanso no meio da rotina<\/h2>\n\n\n\n<p>Para estudantes e fam\u00edlias, esse intervalo pode ser uma boa oportunidade para descansar um pouco ou at\u00e9 aproveitar o tempo livre para viajar. Mesmo assim, \u00e9 importante lembrar que o retorno \u00e0s aulas acontece logo depois do feriado e o calend\u00e1rio segue normalmente at\u00e9 o fim do m\u00eas.<\/p>\n","protected":false},"excerpt":{"rendered":"<p>Uma regra, ligada \u00e0 Lei Federal n\u00ba 662\/49, confirma uma pequena pausa nas atividades escolares durante o m\u00eas de maio. A pausa est\u00e1 ligada ao Dia do Trabalho, celebrado em 1\u00ba de maio, que \u00e9 feriado nacional. Nesse dia n\u00e3o h\u00e1 aulas, e como a data se aproxima do fim de semana, acaba formando um [&hellip;]<\/p>\n","protected":false},"author":17,"featured_media":22463,"comment_status":"open","ping_status":"open","sticky":false,"template":"","format":"standard","meta":{"jnews-multi-image_gallery":[],"jnews_single_post":{"format":"standard"},"jnews_primary_category":[],"jnews_social_meta":[],"jnews_post_split":[],"footnotes":""},"categories":[1],"tags":[],"class_list":["post-25960","post","type-post","status-publish","format-standard","has-post-thumbnail","hentry","category-uncategorized"],"_links":{"self":[{"href":"https:\/\/diariodepernambuco.audiencelabs.com.br\/wp-json\/wp\/v2\/posts\/25960","targetHints":{"allow":["GET"]}}],"collection":[{"href":"https:\/\/diariodepernambuco.audiencelabs.com.br\/wp-json\/wp\/v2\/posts"}],"about":[{"href":"https:\/\/diariodepernambuco.audiencelabs.com.br\/wp-json\/wp\/v2\/types\/post"}],"author":[{"embeddable":true,"href":"https:\/\/diariodepernambuco.audiencelabs.com.br\/wp-json\/wp\/v2\/users\/17"}],"replies":[{"embeddable":true,"href":"https:\/\/diariodepernambuco.audiencelabs.com.br\/wp-json\/wp\/v2\/comments?post=25960"}],"version-history":[{"count":2,"href":"https:\/\/diariodepernambuco.audiencelabs.com.br\/wp-json\/wp\/v2\/posts\/25960\/revisions"}],"predecessor-version":[{"id":25975,"href":"https:\/\/diariodepernambuco.audiencelabs.com.br\/wp-json\/wp\/v2\/posts\/25960\/revisions\/25975"}],"wp:featuredmedia":[{"embeddable":true,"href":"https:\/\/diariodepernambuco.audiencelabs.com.br\/wp-json\/wp\/v2\/media\/22463"}],"wp:attachment":[{"href":"https:\/\/diariodepernambuco.audiencelabs.com.br\/wp-json\/wp\/v2\/media?parent=25960"}],"wp:term":[{"taxonomy":"category","embeddable":true,"href":"https:\/\/diariodepernambuco.audiencelabs.com.br\/wp-json\/wp\/v2\/categories?post=25960"},{"taxonomy":"post_tag","embeddable":true,"href":"https:\/\/diariodepernambuco.audiencelabs.com.br\/wp-json\/wp\/v2\/tags?post=25960"}],"curies":[{"name":"wp","href":"https:\/\/api.w.org\/{rel}","templated":true}]}}