{"id":25963,"date":"2026-04-28T14:15:00","date_gmt":"2026-04-28T17:15:00","guid":{"rendered":"https:\/\/diariodepernambuco.audiencelabs.com.br\/?p=25963"},"modified":"2026-04-27T11:08:29","modified_gmt":"2026-04-27T14:08:29","slug":"chervolet-onix-encerra-ciclo-no-brasil-apos-mudanca-de-fabrica","status":"publish","type":"post","link":"https:\/\/diariodepernambuco.audiencelabs.com.br\/chervolet-onix-encerra-ciclo-no-brasil-apos-mudanca-de-fabrica\/","title":{"rendered":"Chervolet Onix encerra ciclo no Brasil ap\u00f3s mudan\u00e7a de f\u00e1brica"},"content":{"rendered":"\n<p>O Chevrolet Onix pode estar entrando em uma nova fase no Brasil ap\u00f3s mudan\u00e7as importantes em sua produ\u00e7\u00e3o e linha. Segundo informa\u00e7\u00f5es reveladas pelo Auto Esporte, o modelo passar\u00e1 por altera\u00e7\u00f5es significativas j\u00e1 na linha 2027. Entre elas, est\u00e1 a poss\u00edvel retirada de vers\u00f5es tradicionais, indicando uma reformula\u00e7\u00e3o estrat\u00e9gica da marca.<\/p>\n\n\n\n<p>De acordo com a reportagem, uma das mudan\u00e7as mais marcantes ser\u00e1 a sa\u00edda da vers\u00e3o LTZ, historicamente uma das mais completas e populares da linha. A decis\u00e3o faz parte de um reposicionamento do modelo dentro do portf\u00f3lio da montadora. Com isso, o Onix deve passar a ter uma gama mais enxuta, focada em vers\u00f5es espec\u00edficas.<\/p>\n\n\n\n<p>Ainda segundo o site, a mudan\u00e7a tamb\u00e9m est\u00e1 ligada \u00e0 reorganiza\u00e7\u00e3o industrial da marca no Brasil. A f\u00e1brica de Gravata\u00ed, no Rio Grande do Sul, segue sendo pe\u00e7a central na produ\u00e7\u00e3o, mas passa por atualiza\u00e7\u00f5es para receber novos projetos. Esse cen\u00e1rio indica que a Chevrolet prepara o terreno para novos modelos.<\/p>\n\n\n\n<p>O hatch, que j\u00e1 foi l\u00edder absoluto de vendas, enfrenta agora um mercado cada vez mais dominado por SUVs. Mesmo com poss\u00edveis cortes na linha, o Onix ainda mant\u00e9m relev\u00e2ncia no pa\u00eds e segue como um dos carros mais populares da hist\u00f3ria recente. Lan\u00e7ado em 2012, o modelo se consolidou como um dos maiores sucessos da ind\u00fastria automotiva brasileira.<\/p>\n\n\n\n<h2 class=\"wp-block-heading\">Mudan\u00e7as indicam transi\u00e7\u00e3o e poss\u00edvel substitui\u00e7\u00e3o por novos modelos<\/h2>\n\n\n\n<p>A reestrutura\u00e7\u00e3o do Onix acontece em um momento em que a Chevrolet amplia seus investimentos em novos ve\u00edculos no Brasil. A tend\u00eancia da ind\u00fastria aponta para a crescente prefer\u00eancia por SUVs, o que influencia diretamente nas decis\u00f5es das montadoras. Com isso, modelos tradicionais perdem espa\u00e7o para propostas mais modernas e vers\u00e1teis.<\/p>\n\n\n\n<p>Al\u00e9m disso, j\u00e1 existem movimenta\u00e7\u00f5es para a chegada de um novo SUV compacto derivado da base do pr\u00f3prio Onix. Esse modelo deve assumir parte do espa\u00e7o ocupado atualmente pelo hatch no mercado. A estrat\u00e9gia indica uma transi\u00e7\u00e3o gradual, sem uma retirada imediata do carro das lojas.<\/p>\n\n\n\n<p><\/p>\n","protected":false},"excerpt":{"rendered":"<p>O Chevrolet Onix pode estar entrando em uma nova fase no Brasil ap\u00f3s mudan\u00e7as importantes em sua produ\u00e7\u00e3o e linha. Segundo informa\u00e7\u00f5es reveladas pelo Auto Esporte, o modelo passar\u00e1 por altera\u00e7\u00f5es significativas j\u00e1 na linha 2027. Entre elas, est\u00e1 a poss\u00edvel retirada de vers\u00f5es tradicionais, indicando uma reformula\u00e7\u00e3o estrat\u00e9gica da marca. De acordo com a [&hellip;]<\/p>\n","protected":false},"author":4,"featured_media":23136,"comment_status":"open","ping_status":"open","sticky":false,"template":"","format":"standard","meta":{"jnews-multi-image_gallery":[],"jnews_single_post":{"format":"standard"},"jnews_primary_category":[],"jnews_social_meta":[],"jnews_post_split":[],"footnotes":""},"categories":[1],"tags":[],"class_list":["post-25963","post","type-post","status-publish","format-standard","has-post-thumbnail","hentry","category-uncategorized"],"_links":{"self":[{"href":"https:\/\/diariodepernambuco.audiencelabs.com.br\/wp-json\/wp\/v2\/posts\/25963","targetHints":{"allow":["GET"]}}],"collection":[{"href":"https:\/\/diariodepernambuco.audiencelabs.com.br\/wp-json\/wp\/v2\/posts"}],"about":[{"href":"https:\/\/diariodepernambuco.audiencelabs.com.br\/wp-json\/wp\/v2\/types\/post"}],"author":[{"embeddable":true,"href":"https:\/\/diariodepernambuco.audiencelabs.com.br\/wp-json\/wp\/v2\/users\/4"}],"replies":[{"embeddable":true,"href":"https:\/\/diariodepernambuco.audiencelabs.com.br\/wp-json\/wp\/v2\/comments?post=25963"}],"version-history":[{"count":2,"href":"https:\/\/diariodepernambuco.audiencelabs.com.br\/wp-json\/wp\/v2\/posts\/25963\/revisions"}],"predecessor-version":[{"id":25966,"href":"https:\/\/diariodepernambuco.audiencelabs.com.br\/wp-json\/wp\/v2\/posts\/25963\/revisions\/25966"}],"wp:featuredmedia":[{"embeddable":true,"href":"https:\/\/diariodepernambuco.audiencelabs.com.br\/wp-json\/wp\/v2\/media\/23136"}],"wp:attachment":[{"href":"https:\/\/diariodepernambuco.audiencelabs.com.br\/wp-json\/wp\/v2\/media?parent=25963"}],"wp:term":[{"taxonomy":"category","embeddable":true,"href":"https:\/\/diariodepernambuco.audiencelabs.com.br\/wp-json\/wp\/v2\/categories?post=25963"},{"taxonomy":"post_tag","embeddable":true,"href":"https:\/\/diariodepernambuco.audiencelabs.com.br\/wp-json\/wp\/v2\/tags?post=25963"}],"curies":[{"name":"wp","href":"https:\/\/api.w.org\/{rel}","templated":true}]}}