{"id":25967,"date":"2026-04-28T15:29:00","date_gmt":"2026-04-28T18:29:00","guid":{"rendered":"https:\/\/diariodepernambuco.audiencelabs.com.br\/?p=25967"},"modified":"2026-04-27T11:15:14","modified_gmt":"2026-04-27T14:15:14","slug":"preco-da-carne-de-classe-popular-no-brasil-disparou-e-ficou-ainda-mais-caro","status":"publish","type":"post","link":"https:\/\/diariodepernambuco.audiencelabs.com.br\/preco-da-carne-de-classe-popular-no-brasil-disparou-e-ficou-ainda-mais-caro\/","title":{"rendered":"Pre\u00e7o da carne de classe popular no Brasil disparou e ficou ainda mais caro"},"content":{"rendered":"\n<p>O pre\u00e7o da carne bovina voltou a subir no Brasil e tem pesado ainda mais no bolso dos consumidores, especialmente nas op\u00e7\u00f5es mais populares. Um dos principais fatores por tr\u00e1s dessa alta \u00e9 a forte demanda internacional, com destaque para a China, principal compradora da prote\u00edna brasileira.<\/p>\n\n\n\n<p>A imposi\u00e7\u00e3o de cotas e o aumento das exporta\u00e7\u00f5es t\u00eam reduzido a oferta dispon\u00edvel no mercado interno. Com menos carne circulando no pa\u00eds, os pre\u00e7os acabam pressionados para cima. A China segue como destino dominante das exporta\u00e7\u00f5es brasileiras, absorvendo uma fatia significativa da produ\u00e7\u00e3o nacional.<\/p>\n\n\n\n<p>Esse cen\u00e1rio faz com que grande parte da carne seja direcionada ao mercado externo, diminuindo a disponibilidade para o consumidor brasileiro. Al\u00e9m disso, o ritmo acelerado das vendas internacionais contribui para elevar as cota\u00e7\u00f5es no pa\u00eds. O resultado \u00e9 um encarecimento gradual da carne, inclusive dos cortes mais acess\u00edveis.<\/p>\n\n\n\n<p>Outro ponto que influencia diretamente os pre\u00e7os \u00e9 a menor oferta de animais prontos para abate. Ap\u00f3s anos de aumento no abate de f\u00eameas, a produ\u00e7\u00e3o come\u00e7ou a sentir os efeitos, reduzindo a quantidade de carne dispon\u00edvel. Com isso, o mercado interno enfrenta um cen\u00e1rio de oferta mais restrita e demanda aquecida. Essa combina\u00e7\u00e3o ajuda a explicar a escalada recente dos pre\u00e7os.<\/p>\n\n\n\n<p>Mesmo com a alta, especialistas apontam que o poder de compra do consumidor pode limitar novos aumentos no curto prazo. Ainda assim, a tend\u00eancia \u00e9 de manuten\u00e7\u00e3o dos pre\u00e7os elevados ao longo de 2026, diante da for\u00e7a das exporta\u00e7\u00f5es e da oferta reduzida. O impacto j\u00e1 \u00e9 sentido nas prateleiras e no dia a dia das fam\u00edlias brasileiras.<\/p>\n\n\n\n<h2 class=\"wp-block-heading\">Pre\u00e7o sobe para o consumidor, mas cai para o produtor<\/h2>\n\n\n\n<p>Enquanto o consumidor paga mais caro pela carne, o cen\u00e1rio no campo mostra uma realidade diferente para o pecuarista. Apesar da alta no atacado e no varejo, o pre\u00e7o pago ao produtor apresentou queda recente, criando um desequil\u00edbrio na cadeia produtiva. Esse contraste evidencia que os ganhos n\u00e3o est\u00e3o sendo distribu\u00eddos de forma uniforme entre os diferentes elos do setor.<\/p>\n\n\n\n<p>Dados recentes indicam que a carne bovina atingiu valores recordes no atacado, chegando a mais de R$ 25 por quilo, com alta acumulada nos pre\u00e7os ao consumidor. Ao mesmo tempo, o valor pago pela arroba do boi sofreu recuo, pressionando a margem dos produtores.<\/p>\n\n\n\n<p><\/p>\n","protected":false},"excerpt":{"rendered":"<p>O pre\u00e7o da carne bovina voltou a subir no Brasil e tem pesado ainda mais no bolso dos consumidores, especialmente nas op\u00e7\u00f5es mais populares. Um dos principais fatores por tr\u00e1s dessa alta \u00e9 a forte demanda internacional, com destaque para a China, principal compradora da prote\u00edna brasileira. A imposi\u00e7\u00e3o de cotas e o aumento das [&hellip;]<\/p>\n","protected":false},"author":4,"featured_media":25970,"comment_status":"open","ping_status":"open","sticky":false,"template":"","format":"standard","meta":{"jnews-multi-image_gallery":[],"jnews_single_post":[],"jnews_primary_category":[],"jnews_social_meta":[],"jnews_post_split":[],"footnotes":""},"categories":[1],"tags":[],"class_list":["post-25967","post","type-post","status-publish","format-standard","has-post-thumbnail","hentry","category-uncategorized"],"_links":{"self":[{"href":"https:\/\/diariodepernambuco.audiencelabs.com.br\/wp-json\/wp\/v2\/posts\/25967","targetHints":{"allow":["GET"]}}],"collection":[{"href":"https:\/\/diariodepernambuco.audiencelabs.com.br\/wp-json\/wp\/v2\/posts"}],"about":[{"href":"https:\/\/diariodepernambuco.audiencelabs.com.br\/wp-json\/wp\/v2\/types\/post"}],"author":[{"embeddable":true,"href":"https:\/\/diariodepernambuco.audiencelabs.com.br\/wp-json\/wp\/v2\/users\/4"}],"replies":[{"embeddable":true,"href":"https:\/\/diariodepernambuco.audiencelabs.com.br\/wp-json\/wp\/v2\/comments?post=25967"}],"version-history":[{"count":3,"href":"https:\/\/diariodepernambuco.audiencelabs.com.br\/wp-json\/wp\/v2\/posts\/25967\/revisions"}],"predecessor-version":[{"id":25971,"href":"https:\/\/diariodepernambuco.audiencelabs.com.br\/wp-json\/wp\/v2\/posts\/25967\/revisions\/25971"}],"wp:featuredmedia":[{"embeddable":true,"href":"https:\/\/diariodepernambuco.audiencelabs.com.br\/wp-json\/wp\/v2\/media\/25970"}],"wp:attachment":[{"href":"https:\/\/diariodepernambuco.audiencelabs.com.br\/wp-json\/wp\/v2\/media?parent=25967"}],"wp:term":[{"taxonomy":"category","embeddable":true,"href":"https:\/\/diariodepernambuco.audiencelabs.com.br\/wp-json\/wp\/v2\/categories?post=25967"},{"taxonomy":"post_tag","embeddable":true,"href":"https:\/\/diariodepernambuco.audiencelabs.com.br\/wp-json\/wp\/v2\/tags?post=25967"}],"curies":[{"name":"wp","href":"https:\/\/api.w.org\/{rel}","templated":true}]}}