{"id":25976,"date":"2026-04-28T08:55:00","date_gmt":"2026-04-28T11:55:00","guid":{"rendered":"https:\/\/diariodepernambuco.audiencelabs.com.br\/?p=25976"},"modified":"2026-04-27T19:28:12","modified_gmt":"2026-04-27T22:28:12","slug":"vaza-video-da-3o-temporada-da-casa-do-dragao-na-hbo-max","status":"publish","type":"post","link":"https:\/\/diariodepernambuco.audiencelabs.com.br\/vaza-video-da-3o-temporada-da-casa-do-dragao-na-hbo-max\/","title":{"rendered":"Vaza v\u00eddeo da 3\u00ba temporada da Casa do Drag\u00e3o na HBO Max"},"content":{"rendered":"\n<p>Durante a <em>CCXPMX<\/em>, o trailer da 3\u00aa temporada de <strong>A Casa do Drag\u00e3o<\/strong> foi exibido de forma exclusiva para o p\u00fablico presente. A apresenta\u00e7\u00e3o n\u00e3o foi divulgada previamente, o que fez com que os f\u00e3s da s\u00e9rie ficassem mais ansiosos para saber o que vai acontecer. As informa\u00e7\u00f5es s\u00e3o do site <em>Omelete<\/em>.<\/p>\n\n\n\n<p>O trailer mostra que a disputa pelo poder continua se intensificando, com os personagens principais lidando com decis\u00f5es cada vez mais dif\u00edceis. Rhaenyra aparece em momentos de ansiedade devido \u00e0 guerra, enquanto Alicent demonstra sinais claros de preocupa\u00e7\u00e3o com o rumo dos acontecimentos, refor\u00e7ando que a guerra j\u00e1 afeta todos os lados.<\/p>\n\n\n\n<h2 class=\"wp-block-heading\">Conflitos e novos personagens em destaque<\/h2>\n\n\n\n<p>As cenas tamb\u00e9m d\u00e3o espa\u00e7o para combates mais intensos, com Daemon surgindo em sequ\u00eancia de luta <em>bem violenta<\/em>. Outro destaque \u00e9 a chegada de Ormund Hightower, apresentado como uma figura firme, que v\u00ea o lado advers\u00e1rio como uma amea\u00e7a que precisa ser eliminada.<\/p>\n\n\n\n<h2 class=\"wp-block-heading\">Fam\u00edlia Targaryen dividida<\/h2>\n\n\n\n<p>Entre os herdeiros, Aegon II aparece abalado e tomado por sentimentos de vingan\u00e7a, enquanto Aemond surge em posi\u00e7\u00e3o de autoridade, mas com uma postura cada vez mais agressiva, indicando que o conflito entre eles est\u00e1 longe de terminar.<\/p>\n\n\n\n<h2 class=\"wp-block-heading\">Drag\u00f5es e um futuro incerto<\/h2>\n\n\n\n<p>Os drag\u00f5es aparecem em momentos pontuais do trailer, refor\u00e7ando a sensa\u00e7\u00e3o dos f\u00e3s de que grandes batalhas ainda est\u00e3o por vir. O encerramento n\u00e3o traz data oficial de estreia, apenas a promessa de que a nova temporada chegar\u00e1 em breve \u00e0 HBO Max.<\/p>\n","protected":false},"excerpt":{"rendered":"<p>Durante a CCXPMX, o trailer da 3\u00aa temporada de A Casa do Drag\u00e3o foi exibido de forma exclusiva para o p\u00fablico presente. A apresenta\u00e7\u00e3o n\u00e3o foi divulgada previamente, o que fez com que os f\u00e3s da s\u00e9rie ficassem mais ansiosos para saber o que vai acontecer. As informa\u00e7\u00f5es s\u00e3o do site Omelete. O trailer mostra [&hellip;]<\/p>\n","protected":false},"author":17,"featured_media":25980,"comment_status":"open","ping_status":"open","sticky":false,"template":"","format":"standard","meta":{"jnews-multi-image_gallery":[],"jnews_single_post":{"format":"standard"},"jnews_primary_category":[],"jnews_social_meta":[],"jnews_post_split":[],"footnotes":""},"categories":[1],"tags":[],"class_list":["post-25976","post","type-post","status-publish","format-standard","has-post-thumbnail","hentry","category-uncategorized"],"_links":{"self":[{"href":"https:\/\/diariodepernambuco.audiencelabs.com.br\/wp-json\/wp\/v2\/posts\/25976","targetHints":{"allow":["GET"]}}],"collection":[{"href":"https:\/\/diariodepernambuco.audiencelabs.com.br\/wp-json\/wp\/v2\/posts"}],"about":[{"href":"https:\/\/diariodepernambuco.audiencelabs.com.br\/wp-json\/wp\/v2\/types\/post"}],"author":[{"embeddable":true,"href":"https:\/\/diariodepernambuco.audiencelabs.com.br\/wp-json\/wp\/v2\/users\/17"}],"replies":[{"embeddable":true,"href":"https:\/\/diariodepernambuco.audiencelabs.com.br\/wp-json\/wp\/v2\/comments?post=25976"}],"version-history":[{"count":3,"href":"https:\/\/diariodepernambuco.audiencelabs.com.br\/wp-json\/wp\/v2\/posts\/25976\/revisions"}],"predecessor-version":[{"id":26069,"href":"https:\/\/diariodepernambuco.audiencelabs.com.br\/wp-json\/wp\/v2\/posts\/25976\/revisions\/26069"}],"wp:featuredmedia":[{"embeddable":true,"href":"https:\/\/diariodepernambuco.audiencelabs.com.br\/wp-json\/wp\/v2\/media\/25980"}],"wp:attachment":[{"href":"https:\/\/diariodepernambuco.audiencelabs.com.br\/wp-json\/wp\/v2\/media?parent=25976"}],"wp:term":[{"taxonomy":"category","embeddable":true,"href":"https:\/\/diariodepernambuco.audiencelabs.com.br\/wp-json\/wp\/v2\/categories?post=25976"},{"taxonomy":"post_tag","embeddable":true,"href":"https:\/\/diariodepernambuco.audiencelabs.com.br\/wp-json\/wp\/v2\/tags?post=25976"}],"curies":[{"name":"wp","href":"https:\/\/api.w.org\/{rel}","templated":true}]}}