{"id":25978,"date":"2026-04-28T12:00:00","date_gmt":"2026-04-28T15:00:00","guid":{"rendered":"https:\/\/diariodepernambuco.audiencelabs.com.br\/?p=25978"},"modified":"2026-04-27T13:06:49","modified_gmt":"2026-04-27T16:06:49","slug":"salario-medio-no-brasil-subiu-para-r-2-000","status":"publish","type":"post","link":"https:\/\/diariodepernambuco.audiencelabs.com.br\/salario-medio-no-brasil-subiu-para-r-2-000\/","title":{"rendered":"Sal\u00e1rio m\u00e9dio no Brasil subiu para R$ 2.000"},"content":{"rendered":"\n<p>Nos \u00faltimos anos, o trabalho dom\u00e9stico passou por mudan\u00e7as relevantes, com diferentes projetos<strong> ampliando direitos da categoria e garantindo mais seguran\u00e7a e melhores condi\u00e7\u00f5es de trabalho <\/strong>aos profissionais do setor.<\/p>\n\n\n\n<p>E, conforme destacado em uma reportagem recente do<em> Jornal Nacional<\/em>, da TV Globo,<strong> a remunera\u00e7\u00e3o m\u00e9dia<\/strong> foi um dos aspectos mais favorecidos por essas mudan\u00e7as, registrando aumentos constantes desde 2021.<\/p>\n\n\n\n<p>Vale destacar inclusive que, no final do ano passado, o montante alcan\u00e7ou um marco hist\u00f3rico, <strong>tendo superado pela primeira vez os R$ 2 mil<\/strong>. Embora o valor varie conforme a regi\u00e3o, em alguns locais, o sal\u00e1rio j\u00e1 chega a R$ 2.047 mensais.<\/p>\n\n\n\n<p>O montante \u00e9 destinado principalmente<strong> a trabalhadores de carteira assinada<\/strong>, que geralmente trabalham pelo menos 3 vezes por semana em um \u00fanico local. Para estes profissionais, a base de c\u00e1lculo \u00e9 proporcional.<\/p>\n\n\n\n<p>E essa valoriza\u00e7\u00e3o pode ser fundamental para<strong> estimular a formaliza\u00e7\u00e3o da categoria<\/strong>, que \u00e9 uma medida essencial para assegurar a esses trabalhadores o acesso a direitos trabalhistas b\u00e1sicos, como a aposentadoria.<\/p>\n\n\n\n<h2 class=\"wp-block-heading\">Apesar do aumento de sal\u00e1rio, formalidade cai no Brasil<\/h2>\n\n\n\n<p>Mesmo com o sal\u00e1rio pr\u00f3ximo de R$ 2 mil em grande parte do pa\u00eds, um relat\u00f3rio recente do Minist\u00e9rio do Trabalho e Emprego (MTE) revelou que <strong>o n\u00famero de trabalhadores dom\u00e9sticos com carteira assinada vem diminuindo<\/strong>, tendo chegado a 1,3 milh\u00e3o no ano passado.<\/p>\n\n\n\n<p>E de acordo com especialistas, esse \u00edndice preocupante pode estar ligado a uma combina\u00e7\u00e3o de fatores, a come\u00e7ar pela mudan\u00e7a no perfil demogr\u00e1fico, com fam\u00edlias menores reduzindo a necessidade desse tipo de m\u00e3o de obra.<\/p>\n\n\n\n<p>Al\u00e9m disso, h\u00e1 tamb\u00e9m um aumento no n\u00famero de pessoas que passaram a viver em apartamentos, que s\u00e3o ambientes que geralmente demandam menos cuidados constantes. <strong>Somando essas duas hip\u00f3teses \u00e0s melhores oportunidades de escolariza\u00e7\u00e3o<\/strong>, \u00e9 poss\u00edvel entender por que o n\u00famero de mensalistas vem diminuindo cada vez mais.<\/p>\n","protected":false},"excerpt":{"rendered":"<p>Nos \u00faltimos anos, o trabalho dom\u00e9stico passou por mudan\u00e7as relevantes, com diferentes projetos ampliando direitos da categoria e garantindo mais seguran\u00e7a e melhores condi\u00e7\u00f5es de trabalho aos profissionais do setor. E, conforme destacado em uma reportagem recente do Jornal Nacional, da TV Globo, a remunera\u00e7\u00e3o m\u00e9dia foi um dos aspectos mais favorecidos por essas mudan\u00e7as, [&hellip;]<\/p>\n","protected":false},"author":15,"featured_media":25979,"comment_status":"open","ping_status":"open","sticky":false,"template":"","format":"standard","meta":{"jnews-multi-image_gallery":[],"jnews_single_post":{"format":"standard"},"jnews_primary_category":[],"jnews_social_meta":[],"jnews_post_split":[],"footnotes":""},"categories":[1],"tags":[],"class_list":["post-25978","post","type-post","status-publish","format-standard","has-post-thumbnail","hentry","category-uncategorized"],"_links":{"self":[{"href":"https:\/\/diariodepernambuco.audiencelabs.com.br\/wp-json\/wp\/v2\/posts\/25978","targetHints":{"allow":["GET"]}}],"collection":[{"href":"https:\/\/diariodepernambuco.audiencelabs.com.br\/wp-json\/wp\/v2\/posts"}],"about":[{"href":"https:\/\/diariodepernambuco.audiencelabs.com.br\/wp-json\/wp\/v2\/types\/post"}],"author":[{"embeddable":true,"href":"https:\/\/diariodepernambuco.audiencelabs.com.br\/wp-json\/wp\/v2\/users\/15"}],"replies":[{"embeddable":true,"href":"https:\/\/diariodepernambuco.audiencelabs.com.br\/wp-json\/wp\/v2\/comments?post=25978"}],"version-history":[{"count":1,"href":"https:\/\/diariodepernambuco.audiencelabs.com.br\/wp-json\/wp\/v2\/posts\/25978\/revisions"}],"predecessor-version":[{"id":25990,"href":"https:\/\/diariodepernambuco.audiencelabs.com.br\/wp-json\/wp\/v2\/posts\/25978\/revisions\/25990"}],"wp:featuredmedia":[{"embeddable":true,"href":"https:\/\/diariodepernambuco.audiencelabs.com.br\/wp-json\/wp\/v2\/media\/25979"}],"wp:attachment":[{"href":"https:\/\/diariodepernambuco.audiencelabs.com.br\/wp-json\/wp\/v2\/media?parent=25978"}],"wp:term":[{"taxonomy":"category","embeddable":true,"href":"https:\/\/diariodepernambuco.audiencelabs.com.br\/wp-json\/wp\/v2\/categories?post=25978"},{"taxonomy":"post_tag","embeddable":true,"href":"https:\/\/diariodepernambuco.audiencelabs.com.br\/wp-json\/wp\/v2\/tags?post=25978"}],"curies":[{"name":"wp","href":"https:\/\/api.w.org\/{rel}","templated":true}]}}