{"id":25982,"date":"2026-04-28T19:15:00","date_gmt":"2026-04-28T22:15:00","guid":{"rendered":"https:\/\/diariodepernambuco.audiencelabs.com.br\/?p=25982"},"modified":"2026-04-27T13:58:28","modified_gmt":"2026-04-27T16:58:28","slug":"brasileiros-nao-estao-conseguindo-pagar-as-contas-qual-o-motivo","status":"publish","type":"post","link":"https:\/\/diariodepernambuco.audiencelabs.com.br\/brasileiros-nao-estao-conseguindo-pagar-as-contas-qual-o-motivo\/","title":{"rendered":"Brasileiros n\u00e3o est\u00e3o conseguindo pagar as contas: qual o motivo?"},"content":{"rendered":"\n<p>O in\u00edcio de 2026 mostra um quadro preocupante nas finan\u00e7as das fam\u00edlias brasileiras. De acordo com dados recentes da pesquisa Datafolha, cerca de <strong>67% dos brasileiros<\/strong> t\u00eam algum tipo de d\u00edvida, o que ajuda a explicar essa <em>press\u00e3o constante<\/em> no or\u00e7amento. Mesmo com diferentes fontes de renda, grande parte da popula\u00e7\u00e3o relata dificuldade para manter as contas em dia.<\/p>\n\n\n\n<p>Para muitas pessoas, o problema \u00e9 que a <strong>renda n\u00e3o acompanha as despesas<\/strong>. Aproximadamente <strong>59% das pessoas<\/strong> afirmam que o dinheiro que recebem n\u00e3o \u00e9 suficiente para cobrir os gastos mensais. Com isso, o sal\u00e1rio acaba antes do m\u00eas terminar, obrigando fam\u00edlias a priorizar contas e adiar pagamentos, o que faz com que cerca de <strong>21% da popula\u00e7\u00e3o<\/strong> esteja com contas em atraso.<\/p>\n\n\n\n<h2 class=\"wp-block-heading\">Peso das d\u00edvidas acumuladas<\/h2>\n\n\n\n<p>As d\u00edvidas se espalham por diferentes tipos de cr\u00e9dito e acabam se somando. O cart\u00e3o de cr\u00e9dito parcelado aparece como um dos principais fatores, citado por <strong>29% dos endividados<\/strong>, seguido por empr\u00e9stimos banc\u00e1rios (<strong>26%<\/strong>) e carn\u00eas de loja (<strong>25%<\/strong>).<\/p>\n\n\n\n<p>Al\u00e9m disso, o uso do cr\u00e9dito rotativo, conhecido pelos juros altos, j\u00e1 faz parte da rotina de <strong>27% dos entrevistados<\/strong>. Tamb\u00e9m chama aten\u00e7\u00e3o que <strong>28% das fam\u00edlias<\/strong> t\u00eam contas b\u00e1sicas em atraso, como luz, \u00e1gua e telefone.<\/p>\n\n\n\n<h2 class=\"wp-block-heading\">Impacto no dia a dia das fam\u00edlias<\/h2>\n\n\n\n<p>Cerca de <strong>45% dos brasileiros<\/strong> dizem viver em situa\u00e7\u00e3o financeira apertada ou severa, o que limita qualquer planejamento e afeta a organiza\u00e7\u00e3o da vida dom\u00e9stica. Em alguns casos, at\u00e9 o apoio de familiares entra na conta, mas nem sempre \u00e9 suficiente: entre quem pediu dinheiro emprestado, <strong>41%<\/strong> est\u00e3o com dificuldades para pagar de volta.<\/p>\n\n\n\n<p>Contas essenciais como internet e telefone (<strong>12%<\/strong>), luz (<strong>11%<\/strong>), \u00e1gua (<strong>9%<\/strong>) e at\u00e9 impostos como IPTU e IPVA (<strong>12%<\/strong>) tamb\u00e9m aparecem entre os atrasos mais comuns.<\/p>\n","protected":false},"excerpt":{"rendered":"<p>O in\u00edcio de 2026 mostra um quadro preocupante nas finan\u00e7as das fam\u00edlias brasileiras. De acordo com dados recentes da pesquisa Datafolha, cerca de 67% dos brasileiros t\u00eam algum tipo de d\u00edvida, o que ajuda a explicar essa press\u00e3o constante no or\u00e7amento. Mesmo com diferentes fontes de renda, grande parte da popula\u00e7\u00e3o relata dificuldade para manter [&hellip;]<\/p>\n","protected":false},"author":17,"featured_media":21239,"comment_status":"open","ping_status":"open","sticky":false,"template":"","format":"standard","meta":{"jnews-multi-image_gallery":[],"jnews_single_post":{"format":"standard"},"jnews_primary_category":[],"jnews_social_meta":[],"jnews_post_split":[],"footnotes":""},"categories":[1],"tags":[],"class_list":["post-25982","post","type-post","status-publish","format-standard","has-post-thumbnail","hentry","category-uncategorized"],"_links":{"self":[{"href":"https:\/\/diariodepernambuco.audiencelabs.com.br\/wp-json\/wp\/v2\/posts\/25982","targetHints":{"allow":["GET"]}}],"collection":[{"href":"https:\/\/diariodepernambuco.audiencelabs.com.br\/wp-json\/wp\/v2\/posts"}],"about":[{"href":"https:\/\/diariodepernambuco.audiencelabs.com.br\/wp-json\/wp\/v2\/types\/post"}],"author":[{"embeddable":true,"href":"https:\/\/diariodepernambuco.audiencelabs.com.br\/wp-json\/wp\/v2\/users\/17"}],"replies":[{"embeddable":true,"href":"https:\/\/diariodepernambuco.audiencelabs.com.br\/wp-json\/wp\/v2\/comments?post=25982"}],"version-history":[{"count":2,"href":"https:\/\/diariodepernambuco.audiencelabs.com.br\/wp-json\/wp\/v2\/posts\/25982\/revisions"}],"predecessor-version":[{"id":25997,"href":"https:\/\/diariodepernambuco.audiencelabs.com.br\/wp-json\/wp\/v2\/posts\/25982\/revisions\/25997"}],"wp:featuredmedia":[{"embeddable":true,"href":"https:\/\/diariodepernambuco.audiencelabs.com.br\/wp-json\/wp\/v2\/media\/21239"}],"wp:attachment":[{"href":"https:\/\/diariodepernambuco.audiencelabs.com.br\/wp-json\/wp\/v2\/media?parent=25982"}],"wp:term":[{"taxonomy":"category","embeddable":true,"href":"https:\/\/diariodepernambuco.audiencelabs.com.br\/wp-json\/wp\/v2\/categories?post=25982"},{"taxonomy":"post_tag","embeddable":true,"href":"https:\/\/diariodepernambuco.audiencelabs.com.br\/wp-json\/wp\/v2\/tags?post=25982"}],"curies":[{"name":"wp","href":"https:\/\/api.w.org\/{rel}","templated":true}]}}