{"id":25985,"date":"2026-04-28T19:40:00","date_gmt":"2026-04-28T22:40:00","guid":{"rendered":"https:\/\/diariodepernambuco.audiencelabs.com.br\/?p=25985"},"modified":"2026-04-27T12:55:09","modified_gmt":"2026-04-27T15:55:09","slug":"lei-aprovada-proibe-motos-com-2-pessoas-e-condutor-vai-ter-que-guiar-sozinho-nesta-cidade","status":"publish","type":"post","link":"https:\/\/diariodepernambuco.audiencelabs.com.br\/lei-aprovada-proibe-motos-com-2-pessoas-e-condutor-vai-ter-que-guiar-sozinho-nesta-cidade\/","title":{"rendered":"Lei aprovada pro\u00edbe motos com 2 pessoas e condutor vai ter que guiar sozinho nestas cidades"},"content":{"rendered":"\n<p>Uma nova lei de tr\u00e2nsito passou a chamar aten\u00e7\u00e3o ao proibir a circula\u00e7\u00e3o de motocicletas com duas pessoas nas cidades de Lima e Callao, no Peru. A medida obriga que o condutor pilote sozinho, sem a presen\u00e7a de garupa, sob risco de penalidades severas. A regra j\u00e1 est\u00e1 em vigor e faz parte de um pacote de a\u00e7\u00f5es voltadas \u00e0 seguran\u00e7a p\u00fablica.<\/p>\n\n\n\n<p>A proibi\u00e7\u00e3o foi estabelecida por meio de decreto governamental e tem como principal objetivo combater crimes praticados por duplas em motocicletas. Autoridades apontam que esse tipo de ve\u00edculo \u00e9 frequentemente utilizado em a\u00e7\u00f5es r\u00e1pidas, como assaltos e ataques. Com a nova regra, a expectativa \u00e9 dificultar a atua\u00e7\u00e3o criminosa e facilitar a identifica\u00e7\u00e3o de suspeitos.<\/p>\n\n\n\n<p>Quem descumprir a determina\u00e7\u00e3o est\u00e1 sujeito a multas elevadas, al\u00e9m de outras puni\u00e7\u00f5es administrativas. Dependendo da infra\u00e7\u00e3o, o condutor pode sofrer san\u00e7\u00f5es adicionais, como perda de pontos na carteira e at\u00e9 suspens\u00e3o do direito de dirigir. As autoridades refor\u00e7am que a medida \u00e9 tempor\u00e1ria, mas necess\u00e1ria diante do cen\u00e1rio atual.<\/p>\n\n\n\n<p>Apesar da repercuss\u00e3o, \u00e9 importante destacar que a medida n\u00e3o se aplica ao Brasil. No pa\u00eds, o transporte de passageiro em motocicletas continua permitido, desde que sejam respeitadas as normas do C\u00f3digo de Tr\u00e2nsito. Ainda assim, a decis\u00e3o no pa\u00eds vizinho reacende debates sobre seguran\u00e7a e mobilidade urbana.<\/p>\n\n\n\n<h2 class=\"wp-block-heading\">Medida divide opini\u00f5es e impacta trabalhadores<\/h2>\n\n\n\n<p>A nova regra tem gerado cr\u00edticas, especialmente entre trabalhadores que utilizam motocicletas como principal meio de transporte ou fonte de renda. Profissionais como mototaxistas e entregadores afirmam que a proibi\u00e7\u00e3o dificulta o exerc\u00edcio da atividade e reduz a capacidade de ganho.<\/p>\n\n\n\n<p>Al\u00e9m disso, a medida interfere diretamente na mobilidade de fam\u00edlias que dependem da moto para deslocamentos di\u00e1rios. Por outro lado, autoridades defendem que a decis\u00e3o \u00e9 necess\u00e1ria diante do aumento da criminalidade envolvendo motocicletas. A expectativa \u00e9 de que a restri\u00e7\u00e3o contribua para reduzir delitos e aumentar a seguran\u00e7a nas ruas.<\/p>\n\n\n\n<p><\/p>\n","protected":false},"excerpt":{"rendered":"<p>Uma nova lei de tr\u00e2nsito passou a chamar aten\u00e7\u00e3o ao proibir a circula\u00e7\u00e3o de motocicletas com duas pessoas nas cidades de Lima e Callao, no Peru. A medida obriga que o condutor pilote sozinho, sem a presen\u00e7a de garupa, sob risco de penalidades severas. A regra j\u00e1 est\u00e1 em vigor e faz parte de um [&hellip;]<\/p>\n","protected":false},"author":4,"featured_media":19334,"comment_status":"open","ping_status":"open","sticky":false,"template":"","format":"standard","meta":{"jnews-multi-image_gallery":[],"jnews_single_post":{"format":"standard"},"jnews_primary_category":[],"jnews_social_meta":[],"jnews_post_split":[],"footnotes":""},"categories":[1],"tags":[],"class_list":["post-25985","post","type-post","status-publish","format-standard","has-post-thumbnail","hentry","category-uncategorized"],"_links":{"self":[{"href":"https:\/\/diariodepernambuco.audiencelabs.com.br\/wp-json\/wp\/v2\/posts\/25985","targetHints":{"allow":["GET"]}}],"collection":[{"href":"https:\/\/diariodepernambuco.audiencelabs.com.br\/wp-json\/wp\/v2\/posts"}],"about":[{"href":"https:\/\/diariodepernambuco.audiencelabs.com.br\/wp-json\/wp\/v2\/types\/post"}],"author":[{"embeddable":true,"href":"https:\/\/diariodepernambuco.audiencelabs.com.br\/wp-json\/wp\/v2\/users\/4"}],"replies":[{"embeddable":true,"href":"https:\/\/diariodepernambuco.audiencelabs.com.br\/wp-json\/wp\/v2\/comments?post=25985"}],"version-history":[{"count":3,"href":"https:\/\/diariodepernambuco.audiencelabs.com.br\/wp-json\/wp\/v2\/posts\/25985\/revisions"}],"predecessor-version":[{"id":25989,"href":"https:\/\/diariodepernambuco.audiencelabs.com.br\/wp-json\/wp\/v2\/posts\/25985\/revisions\/25989"}],"wp:featuredmedia":[{"embeddable":true,"href":"https:\/\/diariodepernambuco.audiencelabs.com.br\/wp-json\/wp\/v2\/media\/19334"}],"wp:attachment":[{"href":"https:\/\/diariodepernambuco.audiencelabs.com.br\/wp-json\/wp\/v2\/media?parent=25985"}],"wp:term":[{"taxonomy":"category","embeddable":true,"href":"https:\/\/diariodepernambuco.audiencelabs.com.br\/wp-json\/wp\/v2\/categories?post=25985"},{"taxonomy":"post_tag","embeddable":true,"href":"https:\/\/diariodepernambuco.audiencelabs.com.br\/wp-json\/wp\/v2\/tags?post=25985"}],"curies":[{"name":"wp","href":"https:\/\/api.w.org\/{rel}","templated":true}]}}