{"id":25994,"date":"2026-04-27T14:09:33","date_gmt":"2026-04-27T17:09:33","guid":{"rendered":"https:\/\/diariodepernambuco.audiencelabs.com.br\/?p=25994"},"modified":"2026-04-27T15:29:19","modified_gmt":"2026-04-27T18:29:19","slug":"william-bonner-aceitou-oferta-do-sbt-e-fechou-acordo-com-emissora-de-silvio-santos-para-buscar-premios-antigos","status":"publish","type":"post","link":"https:\/\/diariodepernambuco.audiencelabs.com.br\/william-bonner-aceitou-oferta-do-sbt-e-fechou-acordo-com-emissora-de-silvio-santos-para-buscar-premios-antigos\/","title":{"rendered":"William Bonner aceitou oferta do SBT e fechou acordo com emissora de Silvio Santos para buscar pr\u00eamios antigos"},"content":{"rendered":"\n<p>No \u00faltimo domingo (26), o SBT exibiu <strong>a 56\u00aa edi\u00e7\u00e3o do Trof\u00e9u Imprensa<\/strong>, a cl\u00e1ssica premia\u00e7\u00e3o criada por Pl\u00e1cido Manaia Nunes e consolidada pela emissora de Silvio Santos, que visa trazer reconhecimento para destaques do ano em diversas categorias art\u00edsticas e jornal\u00edsticas.<\/p>\n\n\n\n<p>E \u00e9 importante ressaltar que a edi\u00e7\u00e3o de 2026 j\u00e1 vem sendo considerada hist\u00f3rica, uma vez que marcou <strong>a primeira visita do jornalista William Bonner<\/strong>, que atualmente, comanda o programa <em>Globo Rep\u00f3rter<\/em>, ao SBT para receber seus pr\u00eamios.<\/p>\n\n\n\n<h2 class=\"wp-block-heading\">Bonner \u00e9 destaque no pr\u00eamio<\/h2>\n\n\n\n<p>Vale lembrar que, ao longo de seus quase 30 anos \u00e0 frente do <em>Jornal Nacional<\/em>, Bonner <strong>colecionou 33 vit\u00f3rias na premia\u00e7\u00e3o<\/strong>. Entretanto, por conta de seu antigo contrato com a Globo, sua presen\u00e7a n\u00e3o havia sido permitida em outras ocasi\u00f5es.<\/p>\n\n\n\n<p>Ao subir no palco para receber os pr\u00eamios, o jornalista <strong>n\u00e3o poupou palavras para elogiar n\u00e3o apenas o Trof\u00e9u Imprensa<\/strong>, mas tamb\u00e9m todas as pessoas envolvidas na produ\u00e7\u00e3o do <em>Jornal Nacional<\/em>. Confira o emblem\u00e1tico momento abaixo:<\/p>\n\n\n\n<figure class=\"wp-block-embed aligncenter is-type-rich is-provider-twitter wp-block-embed-twitter\"><div class=\"wp-block-embed__wrapper\">\n<blockquote class=\"twitter-tweet\" data-width=\"500\" data-dnt=\"true\"><p lang=\"pt\" dir=\"ltr\">33 TROF\u00c9US<br>O William Bonner desbloqueando um evento hist\u00f3rico no Trof\u00e9u Imprensa.<br><br>Uma mesa com nada menos que 33 trof\u00e9us.<br><br>Um reconhecimento \u00e0 altura de um dos principais \u00edcones da hist\u00f3ria do telejornalismo brasileiro.<a href=\"https:\/\/twitter.com\/hashtag\/Trof%C3%A9uImprensa?src=hash&amp;ref_src=twsrc%5Etfw\" target=\"_blank\" rel=\"noopener\">#Trof\u00e9uImprensa<\/a> <a href=\"https:\/\/t.co\/GIt9y4V8Q5\" target=\"_blank\">pic.twitter.com\/GIt9y4V8Q5<\/a><\/p>&mdash; Luiz Ricardo (@excentricko) <a href=\"https:\/\/twitter.com\/excentricko\/status\/2048585255435575709?ref_src=twsrc%5Etfw\" target=\"_blank\" rel=\"noopener\">April 27, 2026<\/a><\/blockquote><script async src=\"https:\/\/platform.twitter.com\/widgets.js\" charset=\"utf-8\"><\/script>\n<\/div><\/figure>\n\n\n\n<p>Al\u00e9m de Bonner, <strong>nomes como Luciano Huck e Ana Maria Braga <\/strong>tamb\u00e9m foram liberados pela Globo para comparecer ao evento, o que foi visto como uma mudan\u00e7a significativa nos bastidores da emissora.<\/p>\n\n\n\n<h2 class=\"wp-block-heading\">Pr\u00eamios do Trof\u00e9u Imprensa 2026: conhe\u00e7a todos os vencedores<\/h2>\n\n\n\n<p>Al\u00e9m dos 33 pr\u00eamios recebidos por Bonner, o Trof\u00e9u Imprensa de 2026 ainda <strong>contemplou personalidades de outras 15 categorias<\/strong>, incluindo televis\u00e3o, m\u00fasica e entretenimento, cujos vencedores foram definidos por meio de uma vota\u00e7\u00e3o feita tanto por um j\u00fari t\u00e9cnico quanto pelo p\u00fablico. S\u00e3o eles:<\/p>\n\n\n\n<ul class=\"wp-block-list\">\n<li><strong>Melhor Novela: <\/strong>Beleza Fatal (j\u00fari) e Vale Tudo (p\u00fablico);<\/li>\n\n\n\n<li><strong>Melhor Programa de Audit\u00f3rio:<\/strong> Doming\u00e3o com Huck (j\u00fari) e Programa Silvio Santos com Patricia Abravanel (j\u00fari e p\u00fablico);<\/li>\n\n\n\n<li><strong>Melhor Jornal: <\/strong>Jornal Nacional (j\u00fari e p\u00fablico);<\/li>\n\n\n\n<li><strong>Melhor Atriz:<\/strong> D\u00e9bora Bloch (j\u00fari e p\u00fablico);<\/li>\n\n\n\n<li><strong>Melhor Comercial:<\/strong> O Botic\u00e1rio &#8211; \u00c1lbum de Fotos (j\u00fari);<\/li>\n\n\n\n<li><strong>Melhor Ator:<\/strong> Alexandre Nero (j\u00fari e p\u00fablico);<\/li>\n\n\n\n<li><strong>Melhor Apresentadora:<\/strong> Ana Maria Braga (j\u00fari) e Patr\u00edcia Abravanel (p\u00fablico);<\/li>\n\n\n\n<li><strong>Melhor Apresentador: <\/strong>Celso Portiolli (j\u00fari e p\u00fablico) e Luciano Huck (j\u00fari);<\/li>\n\n\n\n<li><strong>Melhor Reality:<\/strong> A Fazenda 17 (j\u00fari e p\u00fablico);<\/li>\n\n\n\n<li><strong>Melhor Programa Di\u00e1rio:<\/strong> Mais Voc\u00ea (j\u00fari e p\u00fablico);<\/li>\n\n\n\n<li><strong>Melhor Conte\u00fado Infantil: <\/strong>Mundo da Lua (j\u00fari) e S\u00e1bado Animado (p\u00fablico);<\/li>\n\n\n\n<li><strong>Melhor Cantora: <\/strong>Simone Mendes (j\u00fari) e Ana Castela (p\u00fablico);<\/li>\n\n\n\n<li><strong>Melhor Cantor:<\/strong> Jo\u00e3o Gomes (j\u00fari e p\u00fablico);<\/li>\n\n\n\n<li><strong>Melhor M\u00fasica:<\/strong> P do Pecado &#8211; Menos \u00c9 Mais e Simone Mendes (j\u00fari e p\u00fablico);<\/li>\n\n\n\n<li><strong>Revela\u00e7\u00e3o: <\/strong>Pedro Novaes (j\u00fari e p\u00fablico).<\/li>\n<\/ul>\n","protected":false},"excerpt":{"rendered":"<p>No \u00faltimo domingo (26), o SBT exibiu a 56\u00aa edi\u00e7\u00e3o do Trof\u00e9u Imprensa, a cl\u00e1ssica premia\u00e7\u00e3o criada por Pl\u00e1cido Manaia Nunes e consolidada pela emissora de Silvio Santos, que visa trazer reconhecimento para destaques do ano em diversas categorias art\u00edsticas e jornal\u00edsticas. E \u00e9 importante ressaltar que a edi\u00e7\u00e3o de 2026 j\u00e1 vem sendo considerada [&hellip;]<\/p>\n","protected":false},"author":15,"featured_media":25995,"comment_status":"open","ping_status":"open","sticky":false,"template":"","format":"standard","meta":{"jnews-multi-image_gallery":[],"jnews_single_post":{"format":"standard"},"jnews_primary_category":[],"jnews_social_meta":[],"jnews_post_split":[],"footnotes":""},"categories":[1],"tags":[],"class_list":["post-25994","post","type-post","status-publish","format-standard","has-post-thumbnail","hentry","category-uncategorized"],"_links":{"self":[{"href":"https:\/\/diariodepernambuco.audiencelabs.com.br\/wp-json\/wp\/v2\/posts\/25994","targetHints":{"allow":["GET"]}}],"collection":[{"href":"https:\/\/diariodepernambuco.audiencelabs.com.br\/wp-json\/wp\/v2\/posts"}],"about":[{"href":"https:\/\/diariodepernambuco.audiencelabs.com.br\/wp-json\/wp\/v2\/types\/post"}],"author":[{"embeddable":true,"href":"https:\/\/diariodepernambuco.audiencelabs.com.br\/wp-json\/wp\/v2\/users\/15"}],"replies":[{"embeddable":true,"href":"https:\/\/diariodepernambuco.audiencelabs.com.br\/wp-json\/wp\/v2\/comments?post=25994"}],"version-history":[{"count":2,"href":"https:\/\/diariodepernambuco.audiencelabs.com.br\/wp-json\/wp\/v2\/posts\/25994\/revisions"}],"predecessor-version":[{"id":26041,"href":"https:\/\/diariodepernambuco.audiencelabs.com.br\/wp-json\/wp\/v2\/posts\/25994\/revisions\/26041"}],"wp:featuredmedia":[{"embeddable":true,"href":"https:\/\/diariodepernambuco.audiencelabs.com.br\/wp-json\/wp\/v2\/media\/25995"}],"wp:attachment":[{"href":"https:\/\/diariodepernambuco.audiencelabs.com.br\/wp-json\/wp\/v2\/media?parent=25994"}],"wp:term":[{"taxonomy":"category","embeddable":true,"href":"https:\/\/diariodepernambuco.audiencelabs.com.br\/wp-json\/wp\/v2\/categories?post=25994"},{"taxonomy":"post_tag","embeddable":true,"href":"https:\/\/diariodepernambuco.audiencelabs.com.br\/wp-json\/wp\/v2\/tags?post=25994"}],"curies":[{"name":"wp","href":"https:\/\/api.w.org\/{rel}","templated":true}]}}