{"id":25998,"date":"2026-04-28T20:15:00","date_gmt":"2026-04-28T23:15:00","guid":{"rendered":"https:\/\/diariodepernambuco.audiencelabs.com.br\/?p=25998"},"modified":"2026-04-27T14:31:58","modified_gmt":"2026-04-27T17:31:58","slug":"album-da-copa-2026-datas-e-onde-comprar-os-pacotinhos","status":"publish","type":"post","link":"https:\/\/diariodepernambuco.audiencelabs.com.br\/album-da-copa-2026-datas-e-onde-comprar-os-pacotinhos\/","title":{"rendered":"\u00c1lbum da Copa 2026: datas e onde comprar os pacotinhos"},"content":{"rendered":"\n<p>O \u00e1lbum oficial da Copa do Mundo 2026 ser\u00e1 lan\u00e7ado no Brasil no dia <strong>1\u00ba de maio<\/strong>, mas antes disso, j\u00e1 \u00e9 poss\u00edvel garantir exemplares por meio da <strong>pr\u00e9-venda no site da Panini<\/strong>, que facilita para quem quer sair na frente.<\/p>\n\n\n\n<p>A partir do lan\u00e7amento, o \u00e1lbum e os pacotinhos estar\u00e3o dispon\u00edveis em diferentes canais de venda. O principal ponto continua sendo o site oficial da Panini, mas tamb\u00e9m ser\u00e1 poss\u00edvel encontrar em bancas de jornal, livrarias e supermercados espalhados pelo pa\u00eds.<\/p>\n\n\n\n<h2 class=\"wp-block-heading\">Pre\u00e7os dos pacotinhos e do \u00e1lbum<\/h2>\n\n\n\n<p>Cada pacotinho vir\u00e1 com <strong>7 figurinhas<\/strong> e custar\u00e1 cerca de <strong>R$ 7,00<\/strong>, valor que pode variar um pouco dependendo do ponto de venda. J\u00e1 o \u00e1lbum ter\u00e1 diferentes vers\u00f5es: a mais simples, com capa mole, custar\u00e1 aproximadamente <strong>R$ 24,90<\/strong>; para quem prefere algo mais resistente, a edi\u00e7\u00e3o de capa dura ser\u00e1 vendida por cerca de <strong>R$ 74,90<\/strong>; j\u00e1 as vers\u00f5es especiais de capa dura com acabamento diferenciado, em prata ou ouro, devem chegar a cerca de <strong>R$ 79,90<\/strong>.<\/p>\n\n\n\n<h2 class=\"wp-block-heading\">Uma edi\u00e7\u00e3o maior<\/h2>\n\n\n\n<p>O \u00e1lbum da Copa deste ano chama aten\u00e7\u00e3o pelo tamanho, j\u00e1 que s\u00e3o <strong>980 figurinhas ao todo<\/strong>, incluindo 68 especiais, distribu\u00eddas em um \u00e1lbum com mais de 100 p\u00e1ginas. Isso acontece por causa da amplia\u00e7\u00e3o do n\u00famero de sele\u00e7\u00f5es participantes da competi\u00e7\u00e3o.<\/p>\n","protected":false},"excerpt":{"rendered":"<p>O \u00e1lbum oficial da Copa do Mundo 2026 ser\u00e1 lan\u00e7ado no Brasil no dia 1\u00ba de maio, mas antes disso, j\u00e1 \u00e9 poss\u00edvel garantir exemplares por meio da pr\u00e9-venda no site da Panini, que facilita para quem quer sair na frente. A partir do lan\u00e7amento, o \u00e1lbum e os pacotinhos estar\u00e3o dispon\u00edveis em diferentes canais [&hellip;]<\/p>\n","protected":false},"author":17,"featured_media":17816,"comment_status":"open","ping_status":"open","sticky":false,"template":"","format":"standard","meta":{"jnews-multi-image_gallery":[],"jnews_single_post":{"format":"standard"},"jnews_primary_category":[],"jnews_social_meta":[],"jnews_post_split":[],"footnotes":""},"categories":[1],"tags":[],"class_list":["post-25998","post","type-post","status-publish","format-standard","has-post-thumbnail","hentry","category-uncategorized"],"_links":{"self":[{"href":"https:\/\/diariodepernambuco.audiencelabs.com.br\/wp-json\/wp\/v2\/posts\/25998","targetHints":{"allow":["GET"]}}],"collection":[{"href":"https:\/\/diariodepernambuco.audiencelabs.com.br\/wp-json\/wp\/v2\/posts"}],"about":[{"href":"https:\/\/diariodepernambuco.audiencelabs.com.br\/wp-json\/wp\/v2\/types\/post"}],"author":[{"embeddable":true,"href":"https:\/\/diariodepernambuco.audiencelabs.com.br\/wp-json\/wp\/v2\/users\/17"}],"replies":[{"embeddable":true,"href":"https:\/\/diariodepernambuco.audiencelabs.com.br\/wp-json\/wp\/v2\/comments?post=25998"}],"version-history":[{"count":2,"href":"https:\/\/diariodepernambuco.audiencelabs.com.br\/wp-json\/wp\/v2\/posts\/25998\/revisions"}],"predecessor-version":[{"id":26022,"href":"https:\/\/diariodepernambuco.audiencelabs.com.br\/wp-json\/wp\/v2\/posts\/25998\/revisions\/26022"}],"wp:featuredmedia":[{"embeddable":true,"href":"https:\/\/diariodepernambuco.audiencelabs.com.br\/wp-json\/wp\/v2\/media\/17816"}],"wp:attachment":[{"href":"https:\/\/diariodepernambuco.audiencelabs.com.br\/wp-json\/wp\/v2\/media?parent=25998"}],"wp:term":[{"taxonomy":"category","embeddable":true,"href":"https:\/\/diariodepernambuco.audiencelabs.com.br\/wp-json\/wp\/v2\/categories?post=25998"},{"taxonomy":"post_tag","embeddable":true,"href":"https:\/\/diariodepernambuco.audiencelabs.com.br\/wp-json\/wp\/v2\/tags?post=25998"}],"curies":[{"name":"wp","href":"https:\/\/api.w.org\/{rel}","templated":true}]}}