{"id":26000,"date":"2026-05-01T10:22:00","date_gmt":"2026-05-01T13:22:00","guid":{"rendered":"https:\/\/diariodepernambuco.audiencelabs.com.br\/?p=26000"},"modified":"2026-04-27T14:02:51","modified_gmt":"2026-04-27T17:02:51","slug":"salario-minimo-de-quase-r-2-000-foi-aprovado-e-brasileiros-comemoram","status":"publish","type":"post","link":"https:\/\/diariodepernambuco.audiencelabs.com.br\/salario-minimo-de-quase-r-2-000-foi-aprovado-e-brasileiros-comemoram\/","title":{"rendered":"Sal\u00e1rio m\u00ednimo de quase R$ 2.000 foi aprovado e brasileiros comemoram"},"content":{"rendered":"\n<p>Um novo piso salarial pr\u00f3ximo de R$ 2.000 passou a valer e tem gerado repercuss\u00e3o entre trabalhadores brasileiros. O valor de R$ 1.921,72 j\u00e1 est\u00e1 em vigor desde mar\u00e7o de 2026, ap\u00f3s acordo firmado por meio de conven\u00e7\u00e3o coletiva. Apesar de muitos comemorarem o aumento, \u00e9 importante destacar que n\u00e3o se trata do sal\u00e1rio m\u00ednimo nacional.<\/p>\n\n\n\n<p>O reajuste \u00e9 espec\u00edfico para uma categoria profissional. O novo valor \u00e9 destinado exclusivamente aos trabalhadores de postos de combust\u00edveis no estado de Mato Grosso do Sul. A medida foi definida ap\u00f3s negocia\u00e7\u00e3o sindical e representa um aumento em rela\u00e7\u00e3o ao piso anterior da categoria.<\/p>\n\n\n\n<p>Com isso, frentistas e outros profissionais do setor passam a contar com um sal\u00e1rio-base mais elevado. Al\u00e9m do piso, muitos profissionais ainda recebem adicionais, como o de periculosidade, que pode elevar o valor final do sal\u00e1rio. Em alguns casos, a remunera\u00e7\u00e3o total ultrapassa os R$ 2.400 mensais, dependendo da fun\u00e7\u00e3o exercida.<\/p>\n\n\n\n<p>Mesmo com a repercuss\u00e3o, \u00e9 fundamental diferenciar esse valor do sal\u00e1rio m\u00ednimo nacional, que segue em outro patamar. O piso geral do pa\u00eds para 2026 gira em torno de R$ 1.621, conforme defini\u00e7\u00f5es do governo federal. Ainda assim, acordos coletivos como esse mostram como categorias espec\u00edficas podem alcan\u00e7ar remunera\u00e7\u00f5es superiores.<\/p>\n\n\n\n<h2 class=\"wp-block-heading\">Reajuste refor\u00e7a import\u00e2ncia das negocia\u00e7\u00f5es coletivas<\/h2>\n\n\n\n<p>O aumento no piso dos trabalhadores de postos de combust\u00edveis em Mato Grosso do Sul evidencia a for\u00e7a das negocia\u00e7\u00f5es coletivas no pa\u00eds. A conven\u00e7\u00e3o garantiu n\u00e3o apenas a reposi\u00e7\u00e3o da infla\u00e7\u00e3o, mas tamb\u00e9m ganho real para a categoria. Esse tipo de acordo permite ajustes mais alinhados \u00e0 realidade de cada setor.<\/p>\n\n\n\n<p>Al\u00e9m disso, o reajuste pode servir de refer\u00eancia para outras categorias em diferentes estados. Sindicatos e trabalhadores tendem a usar esses avan\u00e7os como base em futuras negocia\u00e7\u00f5es salariais. O movimento fortalece o papel das entidades representativas na busca por melhores condi\u00e7\u00f5es de trabalho.<\/p>\n\n\n\n<p><\/p>\n","protected":false},"excerpt":{"rendered":"<p>Um novo piso salarial pr\u00f3ximo de R$ 2.000 passou a valer e tem gerado repercuss\u00e3o entre trabalhadores brasileiros. O valor de R$ 1.921,72 j\u00e1 est\u00e1 em vigor desde mar\u00e7o de 2026, ap\u00f3s acordo firmado por meio de conven\u00e7\u00e3o coletiva. Apesar de muitos comemorarem o aumento, \u00e9 importante destacar que n\u00e3o se trata do sal\u00e1rio m\u00ednimo [&hellip;]<\/p>\n","protected":false},"author":4,"featured_media":15466,"comment_status":"open","ping_status":"open","sticky":false,"template":"","format":"standard","meta":{"jnews-multi-image_gallery":[],"jnews_single_post":{"format":"standard"},"jnews_primary_category":[],"jnews_social_meta":[],"jnews_post_split":[],"footnotes":""},"categories":[1],"tags":[],"class_list":["post-26000","post","type-post","status-publish","format-standard","has-post-thumbnail","hentry","category-uncategorized"],"_links":{"self":[{"href":"https:\/\/diariodepernambuco.audiencelabs.com.br\/wp-json\/wp\/v2\/posts\/26000","targetHints":{"allow":["GET"]}}],"collection":[{"href":"https:\/\/diariodepernambuco.audiencelabs.com.br\/wp-json\/wp\/v2\/posts"}],"about":[{"href":"https:\/\/diariodepernambuco.audiencelabs.com.br\/wp-json\/wp\/v2\/types\/post"}],"author":[{"embeddable":true,"href":"https:\/\/diariodepernambuco.audiencelabs.com.br\/wp-json\/wp\/v2\/users\/4"}],"replies":[{"embeddable":true,"href":"https:\/\/diariodepernambuco.audiencelabs.com.br\/wp-json\/wp\/v2\/comments?post=26000"}],"version-history":[{"count":2,"href":"https:\/\/diariodepernambuco.audiencelabs.com.br\/wp-json\/wp\/v2\/posts\/26000\/revisions"}],"predecessor-version":[{"id":26003,"href":"https:\/\/diariodepernambuco.audiencelabs.com.br\/wp-json\/wp\/v2\/posts\/26000\/revisions\/26003"}],"wp:featuredmedia":[{"embeddable":true,"href":"https:\/\/diariodepernambuco.audiencelabs.com.br\/wp-json\/wp\/v2\/media\/15466"}],"wp:attachment":[{"href":"https:\/\/diariodepernambuco.audiencelabs.com.br\/wp-json\/wp\/v2\/media?parent=26000"}],"wp:term":[{"taxonomy":"category","embeddable":true,"href":"https:\/\/diariodepernambuco.audiencelabs.com.br\/wp-json\/wp\/v2\/categories?post=26000"},{"taxonomy":"post_tag","embeddable":true,"href":"https:\/\/diariodepernambuco.audiencelabs.com.br\/wp-json\/wp\/v2\/tags?post=26000"}],"curies":[{"name":"wp","href":"https:\/\/api.w.org\/{rel}","templated":true}]}}