{"id":26004,"date":"2026-05-01T15:41:00","date_gmt":"2026-05-01T18:41:00","guid":{"rendered":"https:\/\/diariodepernambuco.audiencelabs.com.br\/?p=26004"},"modified":"2026-04-27T14:10:03","modified_gmt":"2026-04-27T17:10:03","slug":"governo-estuda-anunciar-novo-imposto-no-brasil","status":"publish","type":"post","link":"https:\/\/diariodepernambuco.audiencelabs.com.br\/governo-estuda-anunciar-novo-imposto-no-brasil\/","title":{"rendered":"Governo estuda anunciar novo imposto no Brasil"},"content":{"rendered":"\n<p>O governo federal avalia a cria\u00e7\u00e3o de um novo imposto que pode impactar diretamente o setor mineral no Brasil. A proposta em discuss\u00e3o envolve a taxa\u00e7\u00e3o da exporta\u00e7\u00e3o de minerais cr\u00edticos, especialmente aqueles vendidos ainda em estado bruto ou com baixo n\u00edvel de processamento.<\/p>\n\n\n\n<p>A medida ainda n\u00e3o foi oficializada, mas j\u00e1 vem sendo debatida internamente como parte de uma estrat\u00e9gia econ\u00f4mica mais ampla. A informa\u00e7\u00e3o foi divulgada pela CNN Brasil. Segundo a reportagem, a ideia do governo \u00e9 incentivar que esses minerais passem por mais etapas de industrializa\u00e7\u00e3o dentro do pr\u00f3prio pa\u00eds.<\/p>\n\n\n\n<p>Com isso, o Brasil poderia agregar mais valor aos produtos antes de export\u00e1-los, aumentando a participa\u00e7\u00e3o na cadeia global. Atualmente, grande parte desses recursos \u00e9 enviada ao exterior com pouco beneficiamento. A proposta busca justamente mudar esse cen\u00e1rio e fortalecer a ind\u00fastria nacional.<\/p>\n\n\n\n<p>Apesar disso, ainda n\u00e3o h\u00e1 uma defini\u00e7\u00e3o concreta sobre a implementa\u00e7\u00e3o do imposto. A medida segue em fase de estudos e enfrenta debates dentro do pr\u00f3prio governo e do setor produtivo. Especialistas apontam que a taxa\u00e7\u00e3o pode gerar impactos relevantes, tanto positivos quanto negativos. O tema deve avan\u00e7ar gradualmente antes de qualquer decis\u00e3o oficial.<\/p>\n\n\n\n<p>A cria\u00e7\u00e3o do imposto tamb\u00e9m se insere em um contexto global de disputa por minerais estrat\u00e9gicos, essenciais para tecnologias como baterias e energia limpa. O Brasil possui grandes reservas desses recursos, o que aumenta a relev\u00e2ncia da discuss\u00e3o. Caso avance, a medida pode alterar a din\u00e2mica das exporta\u00e7\u00f5es brasileiras.<\/p>\n\n\n\n<h2 class=\"wp-block-heading\">Proposta pode mudar estrat\u00e9gia do pa\u00eds e gerar debate no setor mineral<\/h2>\n\n\n\n<p>A poss\u00edvel taxa\u00e7\u00e3o das exporta\u00e7\u00f5es levanta preocupa\u00e7\u00f5es entre empresas do setor, que temem aumento de custos e perda de competitividade no mercado internacional. Por outro lado, h\u00e1 quem defenda que a medida pode estimular investimentos em tecnologia e processamento no Brasil. A discuss\u00e3o envolve equil\u00edbrio entre arrecada\u00e7\u00e3o, industrializa\u00e7\u00e3o e atra\u00e7\u00e3o de investimentos.<\/p>\n\n\n\n<p>Al\u00e9m disso, o governo busca entender at\u00e9 que ponto \u00e9 poss\u00edvel avan\u00e7ar na cadeia produtiva dentro do pa\u00eds sem prejudicar a atividade econ\u00f4mica. A decis\u00e3o depende de fatores como infraestrutura, incentivos e capacidade industrial. O tema tamb\u00e9m tem rela\u00e7\u00e3o direta com a transi\u00e7\u00e3o energ\u00e9tica global e a demanda por minerais estrat\u00e9gicos.<\/p>\n\n\n\n<p><\/p>\n","protected":false},"excerpt":{"rendered":"<p>O governo federal avalia a cria\u00e7\u00e3o de um novo imposto que pode impactar diretamente o setor mineral no Brasil. A proposta em discuss\u00e3o envolve a taxa\u00e7\u00e3o da exporta\u00e7\u00e3o de minerais cr\u00edticos, especialmente aqueles vendidos ainda em estado bruto ou com baixo n\u00edvel de processamento. A medida ainda n\u00e3o foi oficializada, mas j\u00e1 vem sendo debatida [&hellip;]<\/p>\n","protected":false},"author":4,"featured_media":26007,"comment_status":"open","ping_status":"open","sticky":false,"template":"","format":"standard","meta":{"jnews-multi-image_gallery":[],"jnews_single_post":{"format":"standard"},"jnews_primary_category":[],"jnews_social_meta":[],"jnews_post_split":[],"footnotes":""},"categories":[1],"tags":[],"class_list":["post-26004","post","type-post","status-publish","format-standard","has-post-thumbnail","hentry","category-uncategorized"],"_links":{"self":[{"href":"https:\/\/diariodepernambuco.audiencelabs.com.br\/wp-json\/wp\/v2\/posts\/26004","targetHints":{"allow":["GET"]}}],"collection":[{"href":"https:\/\/diariodepernambuco.audiencelabs.com.br\/wp-json\/wp\/v2\/posts"}],"about":[{"href":"https:\/\/diariodepernambuco.audiencelabs.com.br\/wp-json\/wp\/v2\/types\/post"}],"author":[{"embeddable":true,"href":"https:\/\/diariodepernambuco.audiencelabs.com.br\/wp-json\/wp\/v2\/users\/4"}],"replies":[{"embeddable":true,"href":"https:\/\/diariodepernambuco.audiencelabs.com.br\/wp-json\/wp\/v2\/comments?post=26004"}],"version-history":[{"count":3,"href":"https:\/\/diariodepernambuco.audiencelabs.com.br\/wp-json\/wp\/v2\/posts\/26004\/revisions"}],"predecessor-version":[{"id":26011,"href":"https:\/\/diariodepernambuco.audiencelabs.com.br\/wp-json\/wp\/v2\/posts\/26004\/revisions\/26011"}],"wp:featuredmedia":[{"embeddable":true,"href":"https:\/\/diariodepernambuco.audiencelabs.com.br\/wp-json\/wp\/v2\/media\/26007"}],"wp:attachment":[{"href":"https:\/\/diariodepernambuco.audiencelabs.com.br\/wp-json\/wp\/v2\/media?parent=26004"}],"wp:term":[{"taxonomy":"category","embeddable":true,"href":"https:\/\/diariodepernambuco.audiencelabs.com.br\/wp-json\/wp\/v2\/categories?post=26004"},{"taxonomy":"post_tag","embeddable":true,"href":"https:\/\/diariodepernambuco.audiencelabs.com.br\/wp-json\/wp\/v2\/tags?post=26004"}],"curies":[{"name":"wp","href":"https:\/\/api.w.org\/{rel}","templated":true}]}}