{"id":26014,"date":"2026-05-01T17:20:00","date_gmt":"2026-05-01T20:20:00","guid":{"rendered":"https:\/\/diariodepernambuco.audiencelabs.com.br\/?p=26014"},"modified":"2026-04-27T14:29:20","modified_gmt":"2026-04-27T17:29:20","slug":"maior-fabrica-de-eletrodomesticos-anunciou-fechamento-oficial-neste-pais","status":"publish","type":"post","link":"https:\/\/diariodepernambuco.audiencelabs.com.br\/maior-fabrica-de-eletrodomesticos-anunciou-fechamento-oficial-neste-pais\/","title":{"rendered":"Maior f\u00e1brica de eletrodom\u00e9sticos anunciou fechamento oficial neste pa\u00eds"},"content":{"rendered":"\n<p>Uma das maiores fabricantes de eletrodom\u00e9sticos do mundo confirmou o fechamento de uma importante unidade industrial fora do Brasil. A Whirlpool anunciou o encerramento das atividades de sua f\u00e1brica em Pilar, na Argentina, marcando uma mudan\u00e7a significativa em sua opera\u00e7\u00e3o na Am\u00e9rica Latina. A decis\u00e3o faz parte de uma reestrutura\u00e7\u00e3o global da companhia.<\/p>\n\n\n\n<p>A unidade argentina teve sua produ\u00e7\u00e3o oficialmente transferida para o Brasil, mais precisamente para a cidade de Rio Claro, no interior de S\u00e3o Paulo. A f\u00e1brica brasileira foi escolhida por j\u00e1 ter capacidade de absorver a demanda e por oferecer melhores condi\u00e7\u00f5es operacionais.<\/p>\n\n\n\n<p>Segundo a empresa, a mudan\u00e7a busca aumentar a efici\u00eancia e otimizar recursos dentro da estrat\u00e9gia global. A Whirlpool, respons\u00e1vel por marcas como Brastemp, Consul e KitchenAid, destacou que a decis\u00e3o est\u00e1 alinhada a um processo cont\u00ednuo de revis\u00e3o da estrutura produtiva.<\/p>\n\n\n\n<p>A companhia pretende concentrar suas opera\u00e7\u00f5es em unidades mais modernas e eficientes, refor\u00e7ando sua competitividade no mercado. Al\u00e9m disso, a f\u00e1brica em territ\u00f3rio brasileiro deve se tornar um dos principais polos de produ\u00e7\u00e3o da empresa na regi\u00e3o.<\/p>\n\n\n\n<p>Mesmo com o fechamento da unidade na Argentina, a empresa afirmou que continuar\u00e1 atendendo o mercado local por meio de produtos fabricados em outras unidades. A decis\u00e3o, no entanto, evidencia um movimento de reorganiza\u00e7\u00e3o industrial que pode impactar empregos e a economia local.<\/p>\n\n\n\n<h2 class=\"wp-block-heading\">Produ\u00e7\u00e3o refor\u00e7a polo industrial no interior paulista<\/h2>\n\n\n\n<p>A transfer\u00eancia da produ\u00e7\u00e3o para o interior de S\u00e3o Paulo fortalece ainda mais a import\u00e2ncia do Brasil na estrat\u00e9gia da empresa. A unidade de Rio Claro deve receber investimentos e moderniza\u00e7\u00f5es, incluindo o uso de tecnologias como intelig\u00eancia artificial e automa\u00e7\u00e3o industrial. A expectativa \u00e9 que a f\u00e1brica se torne uma das mais avan\u00e7adas da Am\u00e9rica Latina.<\/p>\n\n\n\n<p>Com isso, o pa\u00eds ganha relev\u00e2ncia como centro de produ\u00e7\u00e3o e exporta\u00e7\u00e3o de eletrodom\u00e9sticos na regi\u00e3o. A concentra\u00e7\u00e3o das opera\u00e7\u00f5es tamb\u00e9m pode impulsionar a economia local, gerando novos investimentos indiretos.<\/p>\n","protected":false},"excerpt":{"rendered":"<p>Uma das maiores fabricantes de eletrodom\u00e9sticos do mundo confirmou o fechamento de uma importante unidade industrial fora do Brasil. A Whirlpool anunciou o encerramento das atividades de sua f\u00e1brica em Pilar, na Argentina, marcando uma mudan\u00e7a significativa em sua opera\u00e7\u00e3o na Am\u00e9rica Latina. A decis\u00e3o faz parte de uma reestrutura\u00e7\u00e3o global da companhia. A unidade [&hellip;]<\/p>\n","protected":false},"author":4,"featured_media":26017,"comment_status":"open","ping_status":"open","sticky":false,"template":"","format":"standard","meta":{"jnews-multi-image_gallery":[],"jnews_single_post":{"format":"standard"},"jnews_primary_category":[],"jnews_social_meta":[],"jnews_post_split":[],"footnotes":""},"categories":[1],"tags":[],"class_list":["post-26014","post","type-post","status-publish","format-standard","has-post-thumbnail","hentry","category-uncategorized"],"_links":{"self":[{"href":"https:\/\/diariodepernambuco.audiencelabs.com.br\/wp-json\/wp\/v2\/posts\/26014","targetHints":{"allow":["GET"]}}],"collection":[{"href":"https:\/\/diariodepernambuco.audiencelabs.com.br\/wp-json\/wp\/v2\/posts"}],"about":[{"href":"https:\/\/diariodepernambuco.audiencelabs.com.br\/wp-json\/wp\/v2\/types\/post"}],"author":[{"embeddable":true,"href":"https:\/\/diariodepernambuco.audiencelabs.com.br\/wp-json\/wp\/v2\/users\/4"}],"replies":[{"embeddable":true,"href":"https:\/\/diariodepernambuco.audiencelabs.com.br\/wp-json\/wp\/v2\/comments?post=26014"}],"version-history":[{"count":2,"href":"https:\/\/diariodepernambuco.audiencelabs.com.br\/wp-json\/wp\/v2\/posts\/26014\/revisions"}],"predecessor-version":[{"id":26018,"href":"https:\/\/diariodepernambuco.audiencelabs.com.br\/wp-json\/wp\/v2\/posts\/26014\/revisions\/26018"}],"wp:featuredmedia":[{"embeddable":true,"href":"https:\/\/diariodepernambuco.audiencelabs.com.br\/wp-json\/wp\/v2\/media\/26017"}],"wp:attachment":[{"href":"https:\/\/diariodepernambuco.audiencelabs.com.br\/wp-json\/wp\/v2\/media?parent=26014"}],"wp:term":[{"taxonomy":"category","embeddable":true,"href":"https:\/\/diariodepernambuco.audiencelabs.com.br\/wp-json\/wp\/v2\/categories?post=26014"},{"taxonomy":"post_tag","embeddable":true,"href":"https:\/\/diariodepernambuco.audiencelabs.com.br\/wp-json\/wp\/v2\/tags?post=26014"}],"curies":[{"name":"wp","href":"https:\/\/api.w.org\/{rel}","templated":true}]}}