{"id":26020,"date":"2026-05-01T05:39:00","date_gmt":"2026-05-01T08:39:00","guid":{"rendered":"https:\/\/diariodepernambuco.audiencelabs.com.br\/?p=26020"},"modified":"2026-04-27T14:40:58","modified_gmt":"2026-04-27T17:40:58","slug":"maior-fabrica-do-brasil-produz-600-mil-maquinas-chinesas-que-revolucionam-a-tecnologia","status":"publish","type":"post","link":"https:\/\/diariodepernambuco.audiencelabs.com.br\/maior-fabrica-do-brasil-produz-600-mil-maquinas-chinesas-que-revolucionam-a-tecnologia\/","title":{"rendered":"Maior f\u00e1brica do Brasil produz 600 mil m\u00e1quinas chinesas que revolucionam a tecnologia"},"content":{"rendered":"\n<p>A maior f\u00e1brica do Brasil vem chamando aten\u00e7\u00e3o ao atingir uma impressionante capacidade de produ\u00e7\u00e3o de at\u00e9 600 mil ve\u00edculos por ano. Localizada em Cama\u00e7ari, na Bahia, a unidade pertence \u00e0 BYD e \u00e9 considerada a maior da empresa fora da \u00c1sia. O complexo industrial representa um dos maiores investimentos recentes no pa\u00eds.<\/p>\n\n\n\n<p>Segundo informa\u00e7\u00f5es do site TNH1, a f\u00e1brica foi constru\u00edda com um investimento de cerca de R$ 5,5 bilh\u00f5es e ocupa uma \u00e1rea de aproximadamente 4,6 milh\u00f5es de metros quadrados. A unidade iniciou suas opera\u00e7\u00f5es em 2025 e j\u00e1 nasce com grande capacidade produtiva. A meta da empresa \u00e9 expandir gradualmente at\u00e9 atingir o volume m\u00e1ximo anual.<\/p>\n\n\n\n<p>Entre os modelos produzidos est\u00e3o ve\u00edculos el\u00e9tricos e h\u00edbridos, como o Dolphin Mini e o Song Pro. A estrat\u00e9gia da empresa \u00e9 atender \u00e0 crescente demanda por solu\u00e7\u00f5es sustent\u00e1veis e tecnologicamente avan\u00e7adas. Al\u00e9m disso, a BYD pretende ampliar a nacionaliza\u00e7\u00e3o da produ\u00e7\u00e3o, fabricando cada vez mais componentes no Brasil.<\/p>\n\n\n\n<p>O projeto tamb\u00e9m deve gerar impactos positivos na economia brasileira, com a cria\u00e7\u00e3o de empregos e o fortalecimento da ind\u00fastria local. A expectativa \u00e9 que a f\u00e1brica se torne um polo estrat\u00e9gico para exporta\u00e7\u00f5es na Am\u00e9rica Latina. Com isso, o Brasil passa a ocupar posi\u00e7\u00e3o de destaque na produ\u00e7\u00e3o de ve\u00edculos eletrificados.<\/p>\n\n\n\n<h2 class=\"wp-block-heading\">Investimento coloca o Brasil no centro da ind\u00fastria tecnol\u00f3gica global<\/h2>\n\n\n\n<p>A instala\u00e7\u00e3o da f\u00e1brica na Bahia marca uma nova fase da industrializa\u00e7\u00e3o brasileira, com foco em inova\u00e7\u00e3o e sustentabilidade. A presen\u00e7a da BYD fortalece a cadeia produtiva nacional e atrai novos fornecedores para o pa\u00eds. Al\u00e9m disso, o projeto contribui para a transfer\u00eancia de tecnologia entre China e Brasil.<\/p>\n\n\n\n<p>Com a expans\u00e3o da produ\u00e7\u00e3o e o avan\u00e7o da tecnologia, o Brasil se consolida como um dos principais mercados estrat\u00e9gicos da empresa fora da \u00c1sia. A tend\u00eancia \u00e9 que novos investimentos sejam realizados nos pr\u00f3ximos anos, ampliando ainda mais a capacidade produtiva.<\/p>\n\n\n\n<p><\/p>\n","protected":false},"excerpt":{"rendered":"<p>A maior f\u00e1brica do Brasil vem chamando aten\u00e7\u00e3o ao atingir uma impressionante capacidade de produ\u00e7\u00e3o de at\u00e9 600 mil ve\u00edculos por ano. Localizada em Cama\u00e7ari, na Bahia, a unidade pertence \u00e0 BYD e \u00e9 considerada a maior da empresa fora da \u00c1sia. O complexo industrial representa um dos maiores investimentos recentes no pa\u00eds. Segundo informa\u00e7\u00f5es [&hellip;]<\/p>\n","protected":false},"author":4,"featured_media":24590,"comment_status":"open","ping_status":"open","sticky":false,"template":"","format":"standard","meta":{"jnews-multi-image_gallery":[],"jnews_single_post":{"format":"standard"},"jnews_primary_category":[],"jnews_social_meta":[],"jnews_post_split":[],"footnotes":""},"categories":[1],"tags":[],"class_list":["post-26020","post","type-post","status-publish","format-standard","has-post-thumbnail","hentry","category-uncategorized"],"_links":{"self":[{"href":"https:\/\/diariodepernambuco.audiencelabs.com.br\/wp-json\/wp\/v2\/posts\/26020","targetHints":{"allow":["GET"]}}],"collection":[{"href":"https:\/\/diariodepernambuco.audiencelabs.com.br\/wp-json\/wp\/v2\/posts"}],"about":[{"href":"https:\/\/diariodepernambuco.audiencelabs.com.br\/wp-json\/wp\/v2\/types\/post"}],"author":[{"embeddable":true,"href":"https:\/\/diariodepernambuco.audiencelabs.com.br\/wp-json\/wp\/v2\/users\/4"}],"replies":[{"embeddable":true,"href":"https:\/\/diariodepernambuco.audiencelabs.com.br\/wp-json\/wp\/v2\/comments?post=26020"}],"version-history":[{"count":3,"href":"https:\/\/diariodepernambuco.audiencelabs.com.br\/wp-json\/wp\/v2\/posts\/26020\/revisions"}],"predecessor-version":[{"id":26027,"href":"https:\/\/diariodepernambuco.audiencelabs.com.br\/wp-json\/wp\/v2\/posts\/26020\/revisions\/26027"}],"wp:featuredmedia":[{"embeddable":true,"href":"https:\/\/diariodepernambuco.audiencelabs.com.br\/wp-json\/wp\/v2\/media\/24590"}],"wp:attachment":[{"href":"https:\/\/diariodepernambuco.audiencelabs.com.br\/wp-json\/wp\/v2\/media?parent=26020"}],"wp:term":[{"taxonomy":"category","embeddable":true,"href":"https:\/\/diariodepernambuco.audiencelabs.com.br\/wp-json\/wp\/v2\/categories?post=26020"},{"taxonomy":"post_tag","embeddable":true,"href":"https:\/\/diariodepernambuco.audiencelabs.com.br\/wp-json\/wp\/v2\/tags?post=26020"}],"curies":[{"name":"wp","href":"https:\/\/api.w.org\/{rel}","templated":true}]}}