{"id":26023,"date":"2026-04-28T17:15:00","date_gmt":"2026-04-28T20:15:00","guid":{"rendered":"https:\/\/diariodepernambuco.audiencelabs.com.br\/?p=26023"},"modified":"2026-04-27T14:50:53","modified_gmt":"2026-04-27T17:50:53","slug":"fim-da-era-dos-papeis-higienicos-produtos-serao-substituidos-por-esse-novo-metodo","status":"publish","type":"post","link":"https:\/\/diariodepernambuco.audiencelabs.com.br\/fim-da-era-dos-papeis-higienicos-produtos-serao-substituidos-por-esse-novo-metodo\/","title":{"rendered":"Fim da era dos pap\u00e9is higi\u00eanicos: produtos ser\u00e3o substitu\u00eddos por esse novo m\u00e9todo"},"content":{"rendered":"\n<p>Durante muito tempo, o papel higi\u00eanico foi visto como algo b\u00e1sico e indispens\u00e1vel no dia a dia. Por\u00e9m, isso est\u00e1 come\u00e7ando a mudar com as novas formas de higiene pessoal ganhando espa\u00e7o e trazendo uma forma mais moderna e sustent\u00e1vel de limpeza.<\/p>\n\n\n\n<p>A principal mudan\u00e7a vem do uso da <strong>\u00e1gua no lugar do papel<\/strong>. Esse m\u00e9todo j\u00e1 \u00e9 comum em v\u00e1rios lugares do mundo e est\u00e1 se tornando mais popular porque oferece uma limpeza mais completa, ajudando a remover res\u00edduos com mais efici\u00eancia e sem agredir a pele, o que tamb\u00e9m reduz desconfortos e irrita\u00e7\u00f5es.<\/p>\n\n\n\n<p>Outra novidade s\u00e3o os <strong>vasos sanit\u00e1rios inteligentes<\/strong>, que j\u00e1 est\u00e3o presentes em muitos pa\u00edses. Esses aparelhos fazem a limpeza com jatos de \u00e1gua, oferecem secagem e at\u00e9 podem ter assentos aquecidos.<\/p>\n\n\n\n<h2 class=\"wp-block-heading\">Outras alternativas simples<\/h2>\n\n\n\n<p>Algumas solu\u00e7\u00f5es, sem tecnologia avan\u00e7ada, j\u00e1 s\u00e3o bastante usadas, como as duchas higi\u00eanicas que j\u00e1 s\u00e3o comuns em muitos lares. Al\u00e9m disso, os len\u00e7os umedecidos tamb\u00e9m s\u00e3o uma op\u00e7\u00e3o pr\u00e1tica, principalmente quando a pessoa est\u00e1 fora de casa ou precisa de uma limpeza r\u00e1pida.<\/p>\n\n\n\n<h2 class=\"wp-block-heading\">Mudan\u00e7a ligada ao meio ambiente<\/h2>\n\n\n\n<p>Essa transforma\u00e7\u00e3o n\u00e3o acontece apenas por conforto, mas tamb\u00e9m por preocupa\u00e7\u00e3o com o meio ambiente. O uso do papel envolve o consumo de grandes quantidades de recursos naturais, como \u00e1gua e madeira. Por isso, essas novas alternativas acabam sendo vistas como uma forma de reduzir esse impacto.<\/p>\n","protected":false},"excerpt":{"rendered":"<p>Durante muito tempo, o papel higi\u00eanico foi visto como algo b\u00e1sico e indispens\u00e1vel no dia a dia. Por\u00e9m, isso est\u00e1 come\u00e7ando a mudar com as novas formas de higiene pessoal ganhando espa\u00e7o e trazendo uma forma mais moderna e sustent\u00e1vel de limpeza. A principal mudan\u00e7a vem do uso da \u00e1gua no lugar do papel. Esse [&hellip;]<\/p>\n","protected":false},"author":17,"featured_media":26033,"comment_status":"open","ping_status":"open","sticky":false,"template":"","format":"standard","meta":{"jnews-multi-image_gallery":[],"jnews_single_post":{"format":"standard"},"jnews_primary_category":[],"jnews_social_meta":[],"jnews_post_split":[],"footnotes":""},"categories":[1],"tags":[],"class_list":["post-26023","post","type-post","status-publish","format-standard","has-post-thumbnail","hentry","category-uncategorized"],"_links":{"self":[{"href":"https:\/\/diariodepernambuco.audiencelabs.com.br\/wp-json\/wp\/v2\/posts\/26023","targetHints":{"allow":["GET"]}}],"collection":[{"href":"https:\/\/diariodepernambuco.audiencelabs.com.br\/wp-json\/wp\/v2\/posts"}],"about":[{"href":"https:\/\/diariodepernambuco.audiencelabs.com.br\/wp-json\/wp\/v2\/types\/post"}],"author":[{"embeddable":true,"href":"https:\/\/diariodepernambuco.audiencelabs.com.br\/wp-json\/wp\/v2\/users\/17"}],"replies":[{"embeddable":true,"href":"https:\/\/diariodepernambuco.audiencelabs.com.br\/wp-json\/wp\/v2\/comments?post=26023"}],"version-history":[{"count":3,"href":"https:\/\/diariodepernambuco.audiencelabs.com.br\/wp-json\/wp\/v2\/posts\/26023\/revisions"}],"predecessor-version":[{"id":26035,"href":"https:\/\/diariodepernambuco.audiencelabs.com.br\/wp-json\/wp\/v2\/posts\/26023\/revisions\/26035"}],"wp:featuredmedia":[{"embeddable":true,"href":"https:\/\/diariodepernambuco.audiencelabs.com.br\/wp-json\/wp\/v2\/media\/26033"}],"wp:attachment":[{"href":"https:\/\/diariodepernambuco.audiencelabs.com.br\/wp-json\/wp\/v2\/media?parent=26023"}],"wp:term":[{"taxonomy":"category","embeddable":true,"href":"https:\/\/diariodepernambuco.audiencelabs.com.br\/wp-json\/wp\/v2\/categories?post=26023"},{"taxonomy":"post_tag","embeddable":true,"href":"https:\/\/diariodepernambuco.audiencelabs.com.br\/wp-json\/wp\/v2\/tags?post=26023"}],"curies":[{"name":"wp","href":"https:\/\/api.w.org\/{rel}","templated":true}]}}