{"id":26028,"date":"2026-05-01T07:00:00","date_gmt":"2026-05-01T10:00:00","guid":{"rendered":"https:\/\/diariodepernambuco.audiencelabs.com.br\/?p=26028"},"modified":"2026-04-27T14:44:04","modified_gmt":"2026-04-27T17:44:04","slug":"pais-congelado-e-com-clima-de-natal-dos-filmes-foi-eleito-o-mais-feliz-do-mundo","status":"publish","type":"post","link":"https:\/\/diariodepernambuco.audiencelabs.com.br\/pais-congelado-e-com-clima-de-natal-dos-filmes-foi-eleito-o-mais-feliz-do-mundo\/","title":{"rendered":"Pa\u00eds congelado e com clima de &#8220;Natal dos filmes&#8221; foi eleito o mais feliz do mundo"},"content":{"rendered":"\n<p>Conhecida por suas paisagens cobertas de neve e cen\u00e1rios que lembram filmes de Natal, a Finl\u00e2ndia foi eleita mais uma vez o pa\u00eds mais feliz do mundo. O ranking faz parte do Relat\u00f3rio Mundial da Felicidade de 2026, que analisa diversos fatores ligados \u00e0 qualidade de vida. Este \u00e9 o nono ano consecutivo em que o pa\u00eds n\u00f3rdico lidera a lista.<\/p>\n\n\n\n<p>O levantamento considera crit\u00e9rios como renda, apoio social, expectativa de vida, liberdade individual e percep\u00e7\u00e3o de corrup\u00e7\u00e3o. Esses fatores ajudam a explicar por que a popula\u00e7\u00e3o finlandesa apresenta altos n\u00edveis de satisfa\u00e7\u00e3o com a vida. Mesmo enfrentando um clima rigoroso durante boa parte do ano, o pa\u00eds mant\u00e9m \u00edndices elevados de qualidade de vida.<\/p>\n\n\n\n<p>Outro ponto que chama aten\u00e7\u00e3o \u00e9 o modelo social adotado pela Finl\u00e2ndia, baseado em confian\u00e7a nas institui\u00e7\u00f5es e forte rede de prote\u00e7\u00e3o social. A educa\u00e7\u00e3o de qualidade, o sistema de sa\u00fade eficiente e o equil\u00edbrio entre vida pessoal e profissional contribuem diretamente para o resultado. Al\u00e9m disso, o pa\u00eds \u00e9 conhecido por baixos \u00edndices de desigualdade.<\/p>\n\n\n\n<p>No ranking de 2026, outros pa\u00edses n\u00f3rdicos tamb\u00e9m aparecem entre os primeiros colocados, como Isl\u00e2ndia e Dinamarca. J\u00e1 o Brasil aparece mais abaixo na lista, ocupando a 32\u00aa posi\u00e7\u00e3o. O relat\u00f3rio mostra que, apesar das diferen\u00e7as culturais e econ\u00f4micas, pol\u00edticas p\u00fablicas e estabilidade social s\u00e3o determinantes para a felicidade.<\/p>\n\n\n\n<h2 class=\"wp-block-heading\">Ranking avalia qualidade de vida e mostra dom\u00ednio dos pa\u00edses n\u00f3rdicos<\/h2>\n\n\n\n<p>O Relat\u00f3rio Mundial da Felicidade \u00e9 baseado em pesquisas realizadas com milhares de pessoas ao redor do mundo, que avaliam sua pr\u00f3pria vida em uma escala de satisfa\u00e7\u00e3o. A an\u00e1lise \u00e9 feita com base em m\u00e9dias de v\u00e1rios anos, o que garante maior precis\u00e3o nos resultados. Entre os principais fatores considerados est\u00e3o o apoio social, a liberdade de escolhas e a confian\u00e7a nas institui\u00e7\u00f5es.<\/p>\n\n\n\n<p>Os pa\u00edses do norte da Europa seguem dominando o ranking, mostrando consist\u00eancia nos indicadores de bem-estar. Al\u00e9m da Finl\u00e2ndia, nomes como Isl\u00e2ndia, Dinamarca, Su\u00e9cia e Noruega aparecem frequentemente entre os primeiros colocados.<\/p>\n\n\n\n<p><\/p>\n","protected":false},"excerpt":{"rendered":"<p>Conhecida por suas paisagens cobertas de neve e cen\u00e1rios que lembram filmes de Natal, a Finl\u00e2ndia foi eleita mais uma vez o pa\u00eds mais feliz do mundo. O ranking faz parte do Relat\u00f3rio Mundial da Felicidade de 2026, que analisa diversos fatores ligados \u00e0 qualidade de vida. Este \u00e9 o nono ano consecutivo em que [&hellip;]<\/p>\n","protected":false},"author":4,"featured_media":24056,"comment_status":"open","ping_status":"open","sticky":false,"template":"","format":"standard","meta":{"jnews-multi-image_gallery":[],"jnews_single_post":{"format":"standard"},"jnews_primary_category":[],"jnews_social_meta":[],"jnews_post_split":[],"footnotes":""},"categories":[1],"tags":[],"class_list":["post-26028","post","type-post","status-publish","format-standard","has-post-thumbnail","hentry","category-uncategorized"],"_links":{"self":[{"href":"https:\/\/diariodepernambuco.audiencelabs.com.br\/wp-json\/wp\/v2\/posts\/26028","targetHints":{"allow":["GET"]}}],"collection":[{"href":"https:\/\/diariodepernambuco.audiencelabs.com.br\/wp-json\/wp\/v2\/posts"}],"about":[{"href":"https:\/\/diariodepernambuco.audiencelabs.com.br\/wp-json\/wp\/v2\/types\/post"}],"author":[{"embeddable":true,"href":"https:\/\/diariodepernambuco.audiencelabs.com.br\/wp-json\/wp\/v2\/users\/4"}],"replies":[{"embeddable":true,"href":"https:\/\/diariodepernambuco.audiencelabs.com.br\/wp-json\/wp\/v2\/comments?post=26028"}],"version-history":[{"count":3,"href":"https:\/\/diariodepernambuco.audiencelabs.com.br\/wp-json\/wp\/v2\/posts\/26028\/revisions"}],"predecessor-version":[{"id":26032,"href":"https:\/\/diariodepernambuco.audiencelabs.com.br\/wp-json\/wp\/v2\/posts\/26028\/revisions\/26032"}],"wp:featuredmedia":[{"embeddable":true,"href":"https:\/\/diariodepernambuco.audiencelabs.com.br\/wp-json\/wp\/v2\/media\/24056"}],"wp:attachment":[{"href":"https:\/\/diariodepernambuco.audiencelabs.com.br\/wp-json\/wp\/v2\/media?parent=26028"}],"wp:term":[{"taxonomy":"category","embeddable":true,"href":"https:\/\/diariodepernambuco.audiencelabs.com.br\/wp-json\/wp\/v2\/categories?post=26028"},{"taxonomy":"post_tag","embeddable":true,"href":"https:\/\/diariodepernambuco.audiencelabs.com.br\/wp-json\/wp\/v2\/tags?post=26028"}],"curies":[{"name":"wp","href":"https:\/\/api.w.org\/{rel}","templated":true}]}}