{"id":26036,"date":"2026-04-28T22:59:00","date_gmt":"2026-04-29T01:59:00","guid":{"rendered":"https:\/\/diariodepernambuco.audiencelabs.com.br\/?p=26036"},"modified":"2026-04-27T15:06:33","modified_gmt":"2026-04-27T18:06:33","slug":"empresas-sao-obrigadas-a-darem-folga-no-1o-de-maio","status":"publish","type":"post","link":"https:\/\/diariodepernambuco.audiencelabs.com.br\/empresas-sao-obrigadas-a-darem-folga-no-1o-de-maio\/","title":{"rendered":"Empresas s\u00e3o obrigadas a darem folga no 1\u00ba de maio?"},"content":{"rendered":"\n<p>O dia <strong>1\u00ba de maio<\/strong>, conhecido como <strong>Dia do Trabalhador<\/strong>, \u00e9 considerado feriado nacional no Brasil. Pela regra geral da legisla\u00e7\u00e3o, ele deve ser um dia de descanso para os trabalhadores, com o sal\u00e1rio mantido normalmente. Por\u00e9m, isso n\u00e3o quer dizer que todo mundo vai ter folga nesse dia.<\/p>\n\n\n\n<p>Algumas empresas podem continuar funcionando mesmo no feriado, principalmente aquelas que prestam servi\u00e7os essenciais ou que n\u00e3o podem parar suas atividades. \u00c9 o caso de hospitais, transporte, seguran\u00e7a, energia, parte do com\u00e9rcio e tamb\u00e9m da ind\u00fastria em alguns casos.<\/p>\n\n\n\n<p>Se o trabalhador for chamado para trabalhar no feriado, a empresa precisa <strong>dar folga em outro dia da semana<\/strong> ou ent\u00e3o <strong>pagar esse dia em dobro<\/strong> com acr\u00e9scimo de 100% sobre o valor normal do trabalho.<\/p>\n\n\n\n<h2 class=\"wp-block-heading\">Acordo da categoria e escala de trabalho<\/h2>\n\n\n\n<p>Al\u00e9m da lei geral, cada profiss\u00e3o pode ter regras pr\u00f3prias definidas em conven\u00e7\u00f5es ou acordos coletivos. Esses acordos podem trazer condi\u00e7\u00f5es melhores, como regras diferentes de pagamento ou formas mais vantajosas de compensa\u00e7\u00e3o. Por isso, sempre vale conferir o que est\u00e1 definido para a sua categoria profissional.<\/p>\n\n\n\n<p>Al\u00e9m disso, quem trabalha em escalas, como 12&#215;36, tamb\u00e9m pode ter regras espec\u00edficas. Muitas vezes, a compensa\u00e7\u00e3o j\u00e1 est\u00e1 prevista no contrato ou no acordo coletivo, podendo ser uma folga em outro momento ou o pagamento adicional pelo dia trabalhado.<\/p>\n","protected":false},"excerpt":{"rendered":"<p>O dia 1\u00ba de maio, conhecido como Dia do Trabalhador, \u00e9 considerado feriado nacional no Brasil. Pela regra geral da legisla\u00e7\u00e3o, ele deve ser um dia de descanso para os trabalhadores, com o sal\u00e1rio mantido normalmente. Por\u00e9m, isso n\u00e3o quer dizer que todo mundo vai ter folga nesse dia. Algumas empresas podem continuar funcionando mesmo [&hellip;]<\/p>\n","protected":false},"author":17,"featured_media":15479,"comment_status":"open","ping_status":"open","sticky":false,"template":"","format":"standard","meta":{"jnews-multi-image_gallery":[],"jnews_single_post":{"format":"standard"},"jnews_primary_category":[],"jnews_social_meta":[],"jnews_post_split":[],"footnotes":""},"categories":[1],"tags":[],"class_list":["post-26036","post","type-post","status-publish","format-standard","has-post-thumbnail","hentry","category-uncategorized"],"_links":{"self":[{"href":"https:\/\/diariodepernambuco.audiencelabs.com.br\/wp-json\/wp\/v2\/posts\/26036","targetHints":{"allow":["GET"]}}],"collection":[{"href":"https:\/\/diariodepernambuco.audiencelabs.com.br\/wp-json\/wp\/v2\/posts"}],"about":[{"href":"https:\/\/diariodepernambuco.audiencelabs.com.br\/wp-json\/wp\/v2\/types\/post"}],"author":[{"embeddable":true,"href":"https:\/\/diariodepernambuco.audiencelabs.com.br\/wp-json\/wp\/v2\/users\/17"}],"replies":[{"embeddable":true,"href":"https:\/\/diariodepernambuco.audiencelabs.com.br\/wp-json\/wp\/v2\/comments?post=26036"}],"version-history":[{"count":3,"href":"https:\/\/diariodepernambuco.audiencelabs.com.br\/wp-json\/wp\/v2\/posts\/26036\/revisions"}],"predecessor-version":[{"id":26039,"href":"https:\/\/diariodepernambuco.audiencelabs.com.br\/wp-json\/wp\/v2\/posts\/26036\/revisions\/26039"}],"wp:featuredmedia":[{"embeddable":true,"href":"https:\/\/diariodepernambuco.audiencelabs.com.br\/wp-json\/wp\/v2\/media\/15479"}],"wp:attachment":[{"href":"https:\/\/diariodepernambuco.audiencelabs.com.br\/wp-json\/wp\/v2\/media?parent=26036"}],"wp:term":[{"taxonomy":"category","embeddable":true,"href":"https:\/\/diariodepernambuco.audiencelabs.com.br\/wp-json\/wp\/v2\/categories?post=26036"},{"taxonomy":"post_tag","embeddable":true,"href":"https:\/\/diariodepernambuco.audiencelabs.com.br\/wp-json\/wp\/v2\/tags?post=26036"}],"curies":[{"name":"wp","href":"https:\/\/api.w.org\/{rel}","templated":true}]}}