{"id":26051,"date":"2026-04-28T16:03:00","date_gmt":"2026-04-28T19:03:00","guid":{"rendered":"https:\/\/diariodepernambuco.audiencelabs.com.br\/?p=26051"},"modified":"2026-04-27T18:20:30","modified_gmt":"2026-04-27T21:20:30","slug":"alexandre-de-moraes-surpreende-e-autoriza-prisao-domiciliar-tao-sonhada-por-opositores","status":"publish","type":"post","link":"https:\/\/diariodepernambuco.audiencelabs.com.br\/alexandre-de-moraes-surpreende-e-autoriza-prisao-domiciliar-tao-sonhada-por-opositores\/","title":{"rendered":"Alexandre de Moraes surpreende e autoriza pris\u00e3o domiciliar t\u00e3o sonhada por opositores"},"content":{"rendered":"\n<p>O <strong>ministro Alexandre de Moraes<\/strong>, do Supremo Tribunal Federal (STF), surpreendeu ao assinar uma decis\u00e3o na \u00faltima sexta-feira (24) que resultou na concess\u00e3o de pris\u00e3o domiciliar a diversos condenados por participa\u00e7\u00e3o nos atos de Ataques de 8 de janeiro de 2023.<\/p>\n\n\n\n<p>Baseada na Lei de Execu\u00e7\u00f5es Penais, a medida tem car\u00e1ter humanit\u00e1rio, com foco em <strong>assegurar que detentos com doen\u00e7as graves tenham acesso a tratamento de sa\u00fade adequado<\/strong>, uma vez que a assist\u00eancia m\u00e9dica oferecida pelo sistema prisional pode n\u00e3o ser suficiente nesses casos.<\/p>\n\n\n\n<p>Dezenas de presos foram beneficiados pela decis\u00e3o, incluindo a aposentada Maria de F\u00e1tima Mendon\u00e7a Jacinto,<strong> conhecida como &#8220;F\u00e1tima de Tubar\u00e3o&#8221;<\/strong>, que j\u00e1 cumpriu cerca de tr\u00eas anos, dez meses e 24 dias da pena de 17 anos a que foi condenada em regime fechado.<\/p>\n\n\n\n<p>Apesar da mudan\u00e7a de regime, os condenados<strong> ainda precisar\u00e3o cumprir medidas cautelares<\/strong>, incluindo o uso obrigat\u00f3rio de tornozeleira eletr\u00f4nica, restri\u00e7\u00e3o de deslocamento e proibi\u00e7\u00e3o de deixar o pa\u00eds.<\/p>\n\n\n\n<p>Al\u00e9m disso, a decis\u00e3o tamb\u00e9m <strong>determina limita\u00e7\u00f5es de contato<\/strong>, proibindo o acesso a redes sociais e de se comunicar com outros investigados. J\u00e1 visitas s\u00f3 poder\u00e3o ser recebidas mediante autoriza\u00e7\u00e3o pr\u00e9via do STF.<\/p>\n\n\n\n<h2 class=\"wp-block-heading\">Condenados ainda podem retornar ao regime fechado de pris\u00e3o<\/h2>\n\n\n\n<p>\u00c9 relevante destacar que os condenados n\u00e3o seguir\u00e3o cumprindo suas penas em pris\u00e3o domiciliar de forma definitiva, tendo em vista que a decis\u00e3o de Moraes ainda <strong>prev\u00ea <strong>retorno ao regime fechado de pris\u00e3o<\/strong><\/strong> em caso de descumprimento de qualquer uma das medidas.<\/p>\n\n\n\n<p>Os r\u00e9us seguem obrigados a arcar com pagamento solid\u00e1rio de R$ 30 milh\u00f5es pelos danos provocados pela depreda\u00e7\u00e3o das sedes do Supremo, do Congresso Nacional e do Pal\u00e1cio do Planalto.<\/p>\n\n\n\n<p>Vale lembrar que, ao todo,<strong> mais de 1.300 pessoas<\/strong> foram acusadas de participa\u00e7\u00e3o nos atos, e agora respondem por crimes como aboli\u00e7\u00e3o violenta do Estado Democr\u00e1tico de Direito, golpe de Estado, dano qualificado, associa\u00e7\u00e3o criminosa armada e deteriora\u00e7\u00e3o de patrim\u00f4nio tombado.<\/p>\n","protected":false},"excerpt":{"rendered":"<p>O ministro Alexandre de Moraes, do Supremo Tribunal Federal (STF), surpreendeu ao assinar uma decis\u00e3o na \u00faltima sexta-feira (24) que resultou na concess\u00e3o de pris\u00e3o domiciliar a diversos condenados por participa\u00e7\u00e3o nos atos de Ataques de 8 de janeiro de 2023. Baseada na Lei de Execu\u00e7\u00f5es Penais, a medida tem car\u00e1ter humanit\u00e1rio, com foco em [&hellip;]<\/p>\n","protected":false},"author":15,"featured_media":26052,"comment_status":"open","ping_status":"open","sticky":false,"template":"","format":"standard","meta":{"jnews-multi-image_gallery":[],"jnews_single_post":{"format":"standard"},"jnews_primary_category":[],"jnews_social_meta":[],"jnews_post_split":[],"footnotes":""},"categories":[1],"tags":[],"class_list":["post-26051","post","type-post","status-publish","format-standard","has-post-thumbnail","hentry","category-uncategorized"],"_links":{"self":[{"href":"https:\/\/diariodepernambuco.audiencelabs.com.br\/wp-json\/wp\/v2\/posts\/26051","targetHints":{"allow":["GET"]}}],"collection":[{"href":"https:\/\/diariodepernambuco.audiencelabs.com.br\/wp-json\/wp\/v2\/posts"}],"about":[{"href":"https:\/\/diariodepernambuco.audiencelabs.com.br\/wp-json\/wp\/v2\/types\/post"}],"author":[{"embeddable":true,"href":"https:\/\/diariodepernambuco.audiencelabs.com.br\/wp-json\/wp\/v2\/users\/15"}],"replies":[{"embeddable":true,"href":"https:\/\/diariodepernambuco.audiencelabs.com.br\/wp-json\/wp\/v2\/comments?post=26051"}],"version-history":[{"count":1,"href":"https:\/\/diariodepernambuco.audiencelabs.com.br\/wp-json\/wp\/v2\/posts\/26051\/revisions"}],"predecessor-version":[{"id":26053,"href":"https:\/\/diariodepernambuco.audiencelabs.com.br\/wp-json\/wp\/v2\/posts\/26051\/revisions\/26053"}],"wp:featuredmedia":[{"embeddable":true,"href":"https:\/\/diariodepernambuco.audiencelabs.com.br\/wp-json\/wp\/v2\/media\/26052"}],"wp:attachment":[{"href":"https:\/\/diariodepernambuco.audiencelabs.com.br\/wp-json\/wp\/v2\/media?parent=26051"}],"wp:term":[{"taxonomy":"category","embeddable":true,"href":"https:\/\/diariodepernambuco.audiencelabs.com.br\/wp-json\/wp\/v2\/categories?post=26051"},{"taxonomy":"post_tag","embeddable":true,"href":"https:\/\/diariodepernambuco.audiencelabs.com.br\/wp-json\/wp\/v2\/tags?post=26051"}],"curies":[{"name":"wp","href":"https:\/\/api.w.org\/{rel}","templated":true}]}}