{"id":26061,"date":"2026-04-27T19:18:27","date_gmt":"2026-04-27T22:18:27","guid":{"rendered":"https:\/\/diariodepernambuco.audiencelabs.com.br\/?p=26061"},"modified":"2026-04-27T19:18:37","modified_gmt":"2026-04-27T22:18:37","slug":"enquanto-william-bonner-ganhava-r-1-milhao-renata-vasconcellos-ganha-salario-de-rainha-no-jornal-nacional","status":"publish","type":"post","link":"https:\/\/diariodepernambuco.audiencelabs.com.br\/enquanto-william-bonner-ganhava-r-1-milhao-renata-vasconcellos-ganha-salario-de-rainha-no-jornal-nacional\/","title":{"rendered":"Enquanto William Bonner ganhava R$ 1 milh\u00e3o, Renata Vasconcellos ganha sal\u00e1rio de rainha no Jornal Nacional"},"content":{"rendered":"\n<p>Al\u00e9m de ter passado quase tr\u00eas d\u00e9cadas na bancada do <em>Jornal Nacional<\/em>, <strong>o jornalista William Bonner<\/strong> tamb\u00e9m atuou como editor-chefe do programa, o que ajudou a consolid\u00e1-lo entre os profissionais mais bem remunerados da categoria.<\/p>\n\n\n\n<p>Por exercer essas fun\u00e7\u00f5es em pelo menos seis dias por semana, o montante recebido por ele chegava perto de R$ 1 milh\u00e3o. No entanto, com sua sa\u00edda do telejornal, o posto de maior sal\u00e1rio do <em>JN<\/em> <strong>ficou com sua antiga parceira de bancada<\/strong>.<\/p>\n\n\n\n<p>Isso porque<strong> a jornalista Renata Vasconcellos<\/strong>, que passou a substituir Patr\u00edcia Poeta no programa em 2014, tamb\u00e9m recebe uma remunera\u00e7\u00e3o elevada, apontada como a mais alta do jornalismo da TV Globo atualmente.<\/p>\n\n\n\n<p>De acordo com informa\u00e7\u00f5es de mercado, sua remunera\u00e7\u00e3o atual <strong>gira em torno de R$ 400 mil por m\u00eas<\/strong>, sendo este um valor que supera o de outros colegas que tamb\u00e9m comandam telejornais de prest\u00edgio da emissora.<\/p>\n\n\n\n<p>Com isso, sua remunera\u00e7\u00e3o <strong>ficaria atr\u00e1s apenas da recebida por Poliana Abritta<\/strong>, sucessora de Vasconcellos no <em>Fant\u00e1stico<\/em>, que segundo o portal Terra, recebe cerca de R$ 800 mil mensais.<\/p>\n\n\n\n<h2 class=\"wp-block-heading\">Sal\u00e1rio de Renata Vasconcellos \u00e9 maior que o de C\u00e9sar Tralli<\/h2>\n\n\n\n<p>Selecionado para ocupar a antiga posi\u00e7\u00e3o de Bonner,<strong> o jornalista C\u00e9sar Tralli<\/strong>, que assumia o posto de \u00e2ncora do <em>Jornal Hoje<\/em>, recebeu um grande reajuste em seus vencimentos para passar a integrar o <em>JN<\/em>.<\/p>\n\n\n\n<p>E embora o aumento tenha sido significativo em rela\u00e7\u00e3o a seu sal\u00e1rio original, que estava em torno de R$ 120 mil, ele ainda<strong> recebe bem menos do que Vasconcellos<\/strong>, havendo uma diferen\u00e7a relativamente expressiva entre os pagamentos.<\/p>\n\n\n\n<p>Afinal, o reajuste para cerca de R$ 350 mil ainda o mant\u00e9m aproximadamente R$ 50 mil abaixo da remunera\u00e7\u00e3o de Vasconcellos. E, levando em conta a trajet\u00f3ria da jornalista no <em>JN<\/em>, as chances de Tralli alcan\u00e7\u00e1-la n\u00e3o s\u00e3o altas, sobretudo se ela vier a assumir novas fun\u00e7\u00f5es, como fez Bonner.<\/p>\n","protected":false},"excerpt":{"rendered":"<p>Al\u00e9m de ter passado quase tr\u00eas d\u00e9cadas na bancada do Jornal Nacional, o jornalista William Bonner tamb\u00e9m atuou como editor-chefe do programa, o que ajudou a consolid\u00e1-lo entre os profissionais mais bem remunerados da categoria. Por exercer essas fun\u00e7\u00f5es em pelo menos seis dias por semana, o montante recebido por ele chegava perto de R$ [&hellip;]<\/p>\n","protected":false},"author":15,"featured_media":26062,"comment_status":"open","ping_status":"open","sticky":false,"template":"","format":"standard","meta":{"jnews-multi-image_gallery":[],"jnews_single_post":{"format":"standard"},"jnews_primary_category":[],"jnews_social_meta":[],"jnews_post_split":[],"footnotes":""},"categories":[1],"tags":[],"class_list":["post-26061","post","type-post","status-publish","format-standard","has-post-thumbnail","hentry","category-uncategorized"],"_links":{"self":[{"href":"https:\/\/diariodepernambuco.audiencelabs.com.br\/wp-json\/wp\/v2\/posts\/26061","targetHints":{"allow":["GET"]}}],"collection":[{"href":"https:\/\/diariodepernambuco.audiencelabs.com.br\/wp-json\/wp\/v2\/posts"}],"about":[{"href":"https:\/\/diariodepernambuco.audiencelabs.com.br\/wp-json\/wp\/v2\/types\/post"}],"author":[{"embeddable":true,"href":"https:\/\/diariodepernambuco.audiencelabs.com.br\/wp-json\/wp\/v2\/users\/15"}],"replies":[{"embeddable":true,"href":"https:\/\/diariodepernambuco.audiencelabs.com.br\/wp-json\/wp\/v2\/comments?post=26061"}],"version-history":[{"count":1,"href":"https:\/\/diariodepernambuco.audiencelabs.com.br\/wp-json\/wp\/v2\/posts\/26061\/revisions"}],"predecessor-version":[{"id":26068,"href":"https:\/\/diariodepernambuco.audiencelabs.com.br\/wp-json\/wp\/v2\/posts\/26061\/revisions\/26068"}],"wp:featuredmedia":[{"embeddable":true,"href":"https:\/\/diariodepernambuco.audiencelabs.com.br\/wp-json\/wp\/v2\/media\/26062"}],"wp:attachment":[{"href":"https:\/\/diariodepernambuco.audiencelabs.com.br\/wp-json\/wp\/v2\/media?parent=26061"}],"wp:term":[{"taxonomy":"category","embeddable":true,"href":"https:\/\/diariodepernambuco.audiencelabs.com.br\/wp-json\/wp\/v2\/categories?post=26061"},{"taxonomy":"post_tag","embeddable":true,"href":"https:\/\/diariodepernambuco.audiencelabs.com.br\/wp-json\/wp\/v2\/tags?post=26061"}],"curies":[{"name":"wp","href":"https:\/\/api.w.org\/{rel}","templated":true}]}}