{"id":26071,"date":"2026-05-01T06:30:00","date_gmt":"2026-05-01T09:30:00","guid":{"rendered":"https:\/\/diariodepernambuco.audiencelabs.com.br\/?p=26071"},"modified":"2026-04-27T19:59:58","modified_gmt":"2026-04-27T22:59:58","slug":"salario-minimo-finalmente-pode-ultrapassar-r-2-000-e-brasileiros-comemoram","status":"publish","type":"post","link":"https:\/\/diariodepernambuco.audiencelabs.com.br\/salario-minimo-finalmente-pode-ultrapassar-r-2-000-e-brasileiros-comemoram\/","title":{"rendered":"Sal\u00e1rio m\u00ednimo finalmente pode ultrapassar R$ 2.000 e brasileiros comemoram"},"content":{"rendered":"\n<p>A expectativa de ver o sal\u00e1rio m\u00ednimo ultrapassar os R$ 2.000 faz com que muitos brasileiros comemorem. Segundo proje\u00e7\u00f5es do governo, esse cen\u00e1rio pode se tornar realidade at\u00e9 2030, trazendo a perspectiva de maior estabilidade financeira para milh\u00f5es de trabalhadores. As informa\u00e7\u00f5es s\u00e3o do site <em>ND<\/em> <em>Mais<\/em>.<\/p>\n\n\n\n<p>De acordo com as estimativas oficiais, o valor do sal\u00e1rio m\u00ednimo deve seguir uma trajet\u00f3ria de crescimento nos pr\u00f3ximos anos. A previs\u00e3o indica cerca de <strong>R$ 1.717 em 2027<\/strong>, <strong>R$ 1.812 em 2028<\/strong>, <strong>R$ 1.913 em 2029<\/strong>, at\u00e9 atingir aproximadamente <strong>R$ 2.020 em 2030<\/strong>.<\/p>\n\n\n\n<h2 class=\"wp-block-heading\">O que est\u00e1 por tr\u00e1s dos reajustes<\/h2>\n\n\n\n<p>O aumento do sal\u00e1rio m\u00ednimo \u00e9 baseado principalmente em dois pontos: a infla\u00e7\u00e3o e o crescimento da economia. A infla\u00e7\u00e3o, medida por \u00edndices como o INPC, garante que o trabalhador n\u00e3o perca poder de compra. J\u00e1 o crescimento do Produto Interno Bruto (PIB) permite um ganho real, ou seja, um aumento acima da infla\u00e7\u00e3o.<\/p>\n\n\n\n<h2 class=\"wp-block-heading\">Cen\u00e1rio positivo, mas com os p\u00e9s no ch\u00e3o<\/h2>\n\n\n\n<p>Embora o cen\u00e1rio seja positivo, \u00e9 importante considerar que s\u00e3o <em>apenas proje\u00e7\u00f5es<\/em> e elas podem mudar ao longo do tempo, principalmente porque dependem do contexto econ\u00f4mico, que altera o ritmo de crescimento previsto. Ainda assim, a possibilidade de superar os R$ 2.000 representa um avan\u00e7o e uma esperan\u00e7a de melhoria na qualidade de vida da popula\u00e7\u00e3o.<\/p>\n","protected":false},"excerpt":{"rendered":"<p>A expectativa de ver o sal\u00e1rio m\u00ednimo ultrapassar os R$ 2.000 faz com que muitos brasileiros comemorem. Segundo proje\u00e7\u00f5es do governo, esse cen\u00e1rio pode se tornar realidade at\u00e9 2030, trazendo a perspectiva de maior estabilidade financeira para milh\u00f5es de trabalhadores. As informa\u00e7\u00f5es s\u00e3o do site ND Mais. De acordo com as estimativas oficiais, o valor [&hellip;]<\/p>\n","protected":false},"author":17,"featured_media":19390,"comment_status":"open","ping_status":"open","sticky":false,"template":"","format":"standard","meta":{"jnews-multi-image_gallery":[],"jnews_single_post":{"format":"standard"},"jnews_primary_category":[],"jnews_social_meta":[],"jnews_post_split":[],"footnotes":""},"categories":[1],"tags":[],"class_list":["post-26071","post","type-post","status-publish","format-standard","has-post-thumbnail","hentry","category-uncategorized"],"_links":{"self":[{"href":"https:\/\/diariodepernambuco.audiencelabs.com.br\/wp-json\/wp\/v2\/posts\/26071","targetHints":{"allow":["GET"]}}],"collection":[{"href":"https:\/\/diariodepernambuco.audiencelabs.com.br\/wp-json\/wp\/v2\/posts"}],"about":[{"href":"https:\/\/diariodepernambuco.audiencelabs.com.br\/wp-json\/wp\/v2\/types\/post"}],"author":[{"embeddable":true,"href":"https:\/\/diariodepernambuco.audiencelabs.com.br\/wp-json\/wp\/v2\/users\/17"}],"replies":[{"embeddable":true,"href":"https:\/\/diariodepernambuco.audiencelabs.com.br\/wp-json\/wp\/v2\/comments?post=26071"}],"version-history":[{"count":2,"href":"https:\/\/diariodepernambuco.audiencelabs.com.br\/wp-json\/wp\/v2\/posts\/26071\/revisions"}],"predecessor-version":[{"id":26073,"href":"https:\/\/diariodepernambuco.audiencelabs.com.br\/wp-json\/wp\/v2\/posts\/26071\/revisions\/26073"}],"wp:featuredmedia":[{"embeddable":true,"href":"https:\/\/diariodepernambuco.audiencelabs.com.br\/wp-json\/wp\/v2\/media\/19390"}],"wp:attachment":[{"href":"https:\/\/diariodepernambuco.audiencelabs.com.br\/wp-json\/wp\/v2\/media?parent=26071"}],"wp:term":[{"taxonomy":"category","embeddable":true,"href":"https:\/\/diariodepernambuco.audiencelabs.com.br\/wp-json\/wp\/v2\/categories?post=26071"},{"taxonomy":"post_tag","embeddable":true,"href":"https:\/\/diariodepernambuco.audiencelabs.com.br\/wp-json\/wp\/v2\/tags?post=26071"}],"curies":[{"name":"wp","href":"https:\/\/api.w.org\/{rel}","templated":true}]}}