{"id":26074,"date":"2026-04-28T10:17:48","date_gmt":"2026-04-28T13:17:48","guid":{"rendered":"https:\/\/diariodepernambuco.audiencelabs.com.br\/?p=26074"},"modified":"2026-04-28T10:17:49","modified_gmt":"2026-04-28T13:17:49","slug":"passo-a-passo-como-sacar-o-fgts-para-quitar-ate-90-das-dividas","status":"publish","type":"post","link":"https:\/\/diariodepernambuco.audiencelabs.com.br\/passo-a-passo-como-sacar-o-fgts-para-quitar-ate-90-das-dividas\/","title":{"rendered":"Passo a passo: como sacar o FGTS para quitar at\u00e9 90% das d\u00edvidas"},"content":{"rendered":"\n<p>O <strong>Desenrola 2.0<\/strong> \u00e9 um programa do governo federal, que deve ser lan\u00e7ado em maio, voltado para a renegocia\u00e7\u00e3o de d\u00edvidas de pessoas f\u00edsicas, oferecendo condi\u00e7\u00f5es facilitadas de pagamento e descontos que podem chegar a at\u00e9 <strong>90% do valor devido<\/strong>.<\/p>\n\n\n\n<p>Nesta nova fase, o programa tamb\u00e9m prev\u00ea o uso do FGTS como forma de quitar os d\u00e9bitos. O p\u00fablico-alvo s\u00e3o fam\u00edlias com renda de at\u00e9 <strong>cinco sal\u00e1rios m\u00ednimos<\/strong>, principalmente aquelas sufocadas por juros altos de cart\u00e3o de cr\u00e9dito e cheque especial.<\/p>\n\n\n\n<h2 class=\"wp-block-heading\">Passo a passo para usar o FGTS<\/h2>\n\n\n\n<p><strong>1. Acesse a plataforma oficial<\/strong><br>Entre no portal gov.br com uma conta de n\u00edvel Prata ou Ouro. Esse \u00e9 o ponto de partida para visualizar as op\u00e7\u00f5es.<\/p>\n\n\n\n<p><strong>2. Consulte suas d\u00edvidas dispon\u00edveis<\/strong><br>Ap\u00f3s o login, o sistema vai mostrar quais d\u00e9bitos podem ser renegociados dentro do programa.<\/p>\n\n\n\n<p><strong>3. Avalie os descontos<\/strong><br>\u00c9 importante comparar as condi\u00e7\u00f5es oferecidas. Em muitos casos, os descontos s\u00e3o altos o suficiente para tornar a quita\u00e7\u00e3o vi\u00e1vel.<\/p>\n\n\n\n<p><strong>4. Verifique o saldo do FGTS<\/strong><br>O valor dispon\u00edvel deve ser suficiente para liquidar toda a d\u00edvida inclu\u00edda na negocia\u00e7\u00e3o, j\u00e1 que n\u00e3o h\u00e1 op\u00e7\u00e3o de pagamento parcial.<\/p>\n\n\n\n<p><strong>5. Confirme a opera\u00e7\u00e3o<\/strong><br>Se todas as condi\u00e7\u00f5es estiverem de acordo, finalize a ades\u00e3o. O valor ser\u00e1 direcionado diretamente para quitar os d\u00e9bitos.<\/p>\n\n\n\n<h2 class=\"wp-block-heading\">Regras importantes<\/h2>\n\n\n\n<ul class=\"wp-block-list\">\n<li>O uso do FGTS n\u00e3o funciona como retirada em dinheiro.<\/li>\n\n\n\n<li>Pode haver limite de percentual liberado do saldo.<\/li>\n\n\n\n<li>A quita\u00e7\u00e3o precisa ser integral dentro do acordo firmado.<\/li>\n<\/ul>\n","protected":false},"excerpt":{"rendered":"<p>O Desenrola 2.0 \u00e9 um programa do governo federal, que deve ser lan\u00e7ado em maio, voltado para a renegocia\u00e7\u00e3o de d\u00edvidas de pessoas f\u00edsicas, oferecendo condi\u00e7\u00f5es facilitadas de pagamento e descontos que podem chegar a at\u00e9 90% do valor devido. Nesta nova fase, o programa tamb\u00e9m prev\u00ea o uso do FGTS como forma de quitar [&hellip;]<\/p>\n","protected":false},"author":17,"featured_media":16403,"comment_status":"open","ping_status":"open","sticky":false,"template":"","format":"standard","meta":{"jnews-multi-image_gallery":[],"jnews_single_post":{"format":"standard"},"jnews_primary_category":[],"jnews_social_meta":[],"jnews_post_split":[],"footnotes":""},"categories":[1],"tags":[],"class_list":["post-26074","post","type-post","status-publish","format-standard","has-post-thumbnail","hentry","category-uncategorized"],"_links":{"self":[{"href":"https:\/\/diariodepernambuco.audiencelabs.com.br\/wp-json\/wp\/v2\/posts\/26074","targetHints":{"allow":["GET"]}}],"collection":[{"href":"https:\/\/diariodepernambuco.audiencelabs.com.br\/wp-json\/wp\/v2\/posts"}],"about":[{"href":"https:\/\/diariodepernambuco.audiencelabs.com.br\/wp-json\/wp\/v2\/types\/post"}],"author":[{"embeddable":true,"href":"https:\/\/diariodepernambuco.audiencelabs.com.br\/wp-json\/wp\/v2\/users\/17"}],"replies":[{"embeddable":true,"href":"https:\/\/diariodepernambuco.audiencelabs.com.br\/wp-json\/wp\/v2\/comments?post=26074"}],"version-history":[{"count":1,"href":"https:\/\/diariodepernambuco.audiencelabs.com.br\/wp-json\/wp\/v2\/posts\/26074\/revisions"}],"predecessor-version":[{"id":26105,"href":"https:\/\/diariodepernambuco.audiencelabs.com.br\/wp-json\/wp\/v2\/posts\/26074\/revisions\/26105"}],"wp:featuredmedia":[{"embeddable":true,"href":"https:\/\/diariodepernambuco.audiencelabs.com.br\/wp-json\/wp\/v2\/media\/16403"}],"wp:attachment":[{"href":"https:\/\/diariodepernambuco.audiencelabs.com.br\/wp-json\/wp\/v2\/media?parent=26074"}],"wp:term":[{"taxonomy":"category","embeddable":true,"href":"https:\/\/diariodepernambuco.audiencelabs.com.br\/wp-json\/wp\/v2\/categories?post=26074"},{"taxonomy":"post_tag","embeddable":true,"href":"https:\/\/diariodepernambuco.audiencelabs.com.br\/wp-json\/wp\/v2\/tags?post=26074"}],"curies":[{"name":"wp","href":"https:\/\/api.w.org\/{rel}","templated":true}]}}