{"id":26075,"date":"2026-04-28T09:45:00","date_gmt":"2026-04-28T12:45:00","guid":{"rendered":"https:\/\/diariodepernambuco.audiencelabs.com.br\/?p=26075"},"modified":"2026-04-28T09:37:57","modified_gmt":"2026-04-28T12:37:57","slug":"super-campeao-pelo-flamengo-pode-estar-a-caminho-do-santos","status":"publish","type":"post","link":"https:\/\/diariodepernambuco.audiencelabs.com.br\/super-campeao-pelo-flamengo-pode-estar-a-caminho-do-santos\/","title":{"rendered":"Super campe\u00e3o pelo Flamengo pode estar a caminho do Santos"},"content":{"rendered":"\n<p>O Santos pode estar de olho em um nome de peso com passagem vitoriosa pelo Flamengo. Trata-se de Marcos Braz, ex-vice-presidente de futebol do Rubro-Negro e bicampe\u00e3o da Copa Libertadores da Am\u00e9rica. A poss\u00edvel movimenta\u00e7\u00e3o surge em meio ao momento delicado vivido pelo clube paulista na temporada.<\/p>\n\n\n\n<p>De acordo com informa\u00e7\u00f5es do canal Vem pro Peix\u00e3o, o nome de Marcos Braz \u00e9 bem avaliado internamente no Santos, especialmente em um cen\u00e1rio de press\u00e3o sobre a diretoria atual. No entanto, apesar do interesse, as tratativas ainda n\u00e3o come\u00e7aram e n\u00e3o h\u00e1 negocia\u00e7\u00f5es em andamento at\u00e9 o momento.<\/p>\n\n\n\n<p>O poss\u00edvel movimento acontece enquanto o Santos enfrenta dificuldades dentro de campo, ocupando posi\u00e7\u00e3o inc\u00f4moda no Brasileir\u00e3o e com desempenho abaixo do esperado tamb\u00e9m em competi\u00e7\u00f5es continentais. Esse cen\u00e1rio aumenta a press\u00e3o por mudan\u00e7as nos bastidores e refor\u00e7os estruturais no clube.<\/p>\n\n\n\n<p>Al\u00e9m disso, o executivo de futebol Alexandre Mattos enfrenta forte press\u00e3o interna. A perman\u00eancia do dirigente est\u00e1 amea\u00e7ada, e uma nova derrota para o San Lorenzo, pela Copa Sul-Americana, pode resultar em sua demiss\u00e3o. J\u00e1 Marcos Braz est\u00e1 livre no mercado desde que deixou o Remo no in\u00edcio da atual temporada.<\/p>\n\n\n\n<h2 class=\"wp-block-heading\">Cuca cobra refor\u00e7os e aponta car\u00eancias no elenco do Santos<\/h2>\n\n\n\n<p>O t\u00e9cnico Cuca deixou claro que o elenco do Santos ainda precisa de refor\u00e7os para a sequ\u00eancia da temporada, especialmente ap\u00f3s o empate recente com o Bahia no Brasileir\u00e3o. O treinador j\u00e1 identificou car\u00eancias importantes no grupo e trabalha junto \u00e0 diretoria para buscar solu\u00e7\u00f5es na pr\u00f3xima janela de transfer\u00eancias.<\/p>\n\n\n\n<p>Entre os principais problemas apontados est\u00e3o a lateral esquerda, afetada por les\u00f5es, al\u00e9m da fun\u00e7\u00e3o de primeiro volante, que ainda n\u00e3o passa total confian\u00e7a, e at\u00e9 o setor ofensivo, que oscila em desempenho. A avalia\u00e7\u00e3o interna \u00e9 de que o elenco precisa de mais op\u00e7\u00f5es e qualidade para reagir no ano.<\/p>\n\n\n\n<p><\/p>\n","protected":false},"excerpt":{"rendered":"<p>O Santos pode estar de olho em um nome de peso com passagem vitoriosa pelo Flamengo. Trata-se de Marcos Braz, ex-vice-presidente de futebol do Rubro-Negro e bicampe\u00e3o da Copa Libertadores da Am\u00e9rica. A poss\u00edvel movimenta\u00e7\u00e3o surge em meio ao momento delicado vivido pelo clube paulista na temporada. De acordo com informa\u00e7\u00f5es do canal Vem pro [&hellip;]<\/p>\n","protected":false},"author":4,"featured_media":21571,"comment_status":"open","ping_status":"open","sticky":false,"template":"","format":"standard","meta":{"jnews-multi-image_gallery":[],"jnews_single_post":{"format":"standard"},"jnews_primary_category":[],"jnews_social_meta":[],"jnews_post_split":[],"footnotes":""},"categories":[1],"tags":[],"class_list":["post-26075","post","type-post","status-publish","format-standard","has-post-thumbnail","hentry","category-uncategorized"],"_links":{"self":[{"href":"https:\/\/diariodepernambuco.audiencelabs.com.br\/wp-json\/wp\/v2\/posts\/26075","targetHints":{"allow":["GET"]}}],"collection":[{"href":"https:\/\/diariodepernambuco.audiencelabs.com.br\/wp-json\/wp\/v2\/posts"}],"about":[{"href":"https:\/\/diariodepernambuco.audiencelabs.com.br\/wp-json\/wp\/v2\/types\/post"}],"author":[{"embeddable":true,"href":"https:\/\/diariodepernambuco.audiencelabs.com.br\/wp-json\/wp\/v2\/users\/4"}],"replies":[{"embeddable":true,"href":"https:\/\/diariodepernambuco.audiencelabs.com.br\/wp-json\/wp\/v2\/comments?post=26075"}],"version-history":[{"count":3,"href":"https:\/\/diariodepernambuco.audiencelabs.com.br\/wp-json\/wp\/v2\/posts\/26075\/revisions"}],"predecessor-version":[{"id":26079,"href":"https:\/\/diariodepernambuco.audiencelabs.com.br\/wp-json\/wp\/v2\/posts\/26075\/revisions\/26079"}],"wp:featuredmedia":[{"embeddable":true,"href":"https:\/\/diariodepernambuco.audiencelabs.com.br\/wp-json\/wp\/v2\/media\/21571"}],"wp:attachment":[{"href":"https:\/\/diariodepernambuco.audiencelabs.com.br\/wp-json\/wp\/v2\/media?parent=26075"}],"wp:term":[{"taxonomy":"category","embeddable":true,"href":"https:\/\/diariodepernambuco.audiencelabs.com.br\/wp-json\/wp\/v2\/categories?post=26075"},{"taxonomy":"post_tag","embeddable":true,"href":"https:\/\/diariodepernambuco.audiencelabs.com.br\/wp-json\/wp\/v2\/tags?post=26075"}],"curies":[{"name":"wp","href":"https:\/\/api.w.org\/{rel}","templated":true}]}}