{"id":26080,"date":"2026-04-28T10:00:00","date_gmt":"2026-04-28T13:00:00","guid":{"rendered":"https:\/\/diariodepernambuco.audiencelabs.com.br\/?p=26080"},"modified":"2026-04-28T09:44:32","modified_gmt":"2026-04-28T12:44:32","slug":"danilo-do-botafogo-ja-tem-data-definida-para-acerto-com-o-flamengo","status":"publish","type":"post","link":"https:\/\/diariodepernambuco.audiencelabs.com.br\/danilo-do-botafogo-ja-tem-data-definida-para-acerto-com-o-flamengo\/","title":{"rendered":"Danilo, do Botafogo, j\u00e1 tem data definida para acerto com o Flamengo"},"content":{"rendered":"\n<p>O Flamengo j\u00e1 definiu quando pretende avan\u00e7ar pela contrata\u00e7\u00e3o de Danilo, destaque do rival Botafogo na atual temporada. Segundo informa\u00e7\u00f5es do portal &#8216;Coluna do Fla&#8217;, a diretoria rubro-negra trabalha com a possibilidade de formalizar uma proposta na pr\u00f3xima janela de transfer\u00eancias, prevista para o meio do ano.<\/p>\n\n\n\n<p>De acordo com a publica\u00e7\u00e3o, o Botafogo j\u00e1 sinalizou positivamente para uma eventual negocia\u00e7\u00e3o, o que aumenta o otimismo nos bastidores do Flamengo. Mesmo assim, a diretoria mant\u00e9m cautela e estuda os pr\u00f3ximos passos para n\u00e3o inflacionar a opera\u00e7\u00e3o. Al\u00e9m disso, o clube carioca sabe que pode enfrentar concorr\u00eancia.<\/p>\n\n\n\n<p>Apesar do cen\u00e1rio considerado favor\u00e1vel, a negocia\u00e7\u00e3o est\u00e1 longe de ser simples e envolve alguns obst\u00e1culos importantes. O Botafogo, por exemplo, prioriza uma venda para o exterior e pode resistir a refor\u00e7ar um rival direto no futebol nacional. Al\u00e9m disso, a tend\u00eancia \u00e9 que o clube alvinegro estipule valores elevados para liberar o jogador.<\/p>\n\n\n\n<p>Enquanto isso, Danilo segue em alta no mercado e com o futuro ainda indefinido. A expectativa \u00e9 de que uma defini\u00e7\u00e3o aconte\u00e7a nos pr\u00f3ximos meses, especialmente com a forte possibilidade do volante estar na convoca\u00e7\u00e3o final do t\u00e9cnico Carlo Ancelotti para a disputa da Copa do Mundo com a Sele\u00e7\u00e3o Brasileira.<\/p>\n\n\n\n<h2 class=\"wp-block-heading\">Flamengo ter\u00e1 forte concorr\u00eancia no mercado<\/h2>\n\n\n\n<p>Danilo vive grande fase no Botafogo e j\u00e1 desperta interesse de outros clubes, o que deve dificultar qualquer investida do Flamengo pelo jogador. Segundo o portal ge, equipes como Palmeiras, Fulham e Zenit monitoram a situa\u00e7\u00e3o do volante.<\/p>\n\n\n\n<p>Al\u00e9m disso, a tend\u00eancia \u00e9 que Danilo deixe o Botafogo na parada para a Copa do Mundo, per\u00edodo visto como ideal para negocia\u00e7\u00f5es internacionais. O bom momento do atleta, somado \u00e0 situa\u00e7\u00e3o financeira do clube carioca, refor\u00e7a a possibilidade de venda e indica que o Flamengo precisar\u00e1 superar forte concorr\u00eancia se quiser avan\u00e7ar na contrata\u00e7\u00e3o do jogador.<\/p>\n","protected":false},"excerpt":{"rendered":"<p>O Flamengo j\u00e1 definiu quando pretende avan\u00e7ar pela contrata\u00e7\u00e3o de Danilo, destaque do rival Botafogo na atual temporada. Segundo informa\u00e7\u00f5es do portal &#8216;Coluna do Fla&#8217;, a diretoria rubro-negra trabalha com a possibilidade de formalizar uma proposta na pr\u00f3xima janela de transfer\u00eancias, prevista para o meio do ano. De acordo com a publica\u00e7\u00e3o, o Botafogo j\u00e1 [&hellip;]<\/p>\n","protected":false},"author":4,"featured_media":26082,"comment_status":"open","ping_status":"open","sticky":false,"template":"","format":"standard","meta":{"jnews-multi-image_gallery":[],"jnews_single_post":{"format":"standard"},"jnews_primary_category":[],"jnews_social_meta":[],"jnews_post_split":[],"footnotes":""},"categories":[1],"tags":[],"class_list":["post-26080","post","type-post","status-publish","format-standard","has-post-thumbnail","hentry","category-uncategorized"],"_links":{"self":[{"href":"https:\/\/diariodepernambuco.audiencelabs.com.br\/wp-json\/wp\/v2\/posts\/26080","targetHints":{"allow":["GET"]}}],"collection":[{"href":"https:\/\/diariodepernambuco.audiencelabs.com.br\/wp-json\/wp\/v2\/posts"}],"about":[{"href":"https:\/\/diariodepernambuco.audiencelabs.com.br\/wp-json\/wp\/v2\/types\/post"}],"author":[{"embeddable":true,"href":"https:\/\/diariodepernambuco.audiencelabs.com.br\/wp-json\/wp\/v2\/users\/4"}],"replies":[{"embeddable":true,"href":"https:\/\/diariodepernambuco.audiencelabs.com.br\/wp-json\/wp\/v2\/comments?post=26080"}],"version-history":[{"count":2,"href":"https:\/\/diariodepernambuco.audiencelabs.com.br\/wp-json\/wp\/v2\/posts\/26080\/revisions"}],"predecessor-version":[{"id":26084,"href":"https:\/\/diariodepernambuco.audiencelabs.com.br\/wp-json\/wp\/v2\/posts\/26080\/revisions\/26084"}],"wp:featuredmedia":[{"embeddable":true,"href":"https:\/\/diariodepernambuco.audiencelabs.com.br\/wp-json\/wp\/v2\/media\/26082"}],"wp:attachment":[{"href":"https:\/\/diariodepernambuco.audiencelabs.com.br\/wp-json\/wp\/v2\/media?parent=26080"}],"wp:term":[{"taxonomy":"category","embeddable":true,"href":"https:\/\/diariodepernambuco.audiencelabs.com.br\/wp-json\/wp\/v2\/categories?post=26080"},{"taxonomy":"post_tag","embeddable":true,"href":"https:\/\/diariodepernambuco.audiencelabs.com.br\/wp-json\/wp\/v2\/tags?post=26080"}],"curies":[{"name":"wp","href":"https:\/\/api.w.org\/{rel}","templated":true}]}}