{"id":26085,"date":"2026-04-28T10:30:00","date_gmt":"2026-04-28T13:30:00","guid":{"rendered":"https:\/\/diariodepernambuco.audiencelabs.com.br\/?p=26085"},"modified":"2026-04-28T09:50:01","modified_gmt":"2026-04-28T12:50:01","slug":"governo-libera-saque-tao-sonhado-aos-brasileiros-para-quitar-dividas-e-zerar-a-conta","status":"publish","type":"post","link":"https:\/\/diariodepernambuco.audiencelabs.com.br\/governo-libera-saque-tao-sonhado-aos-brasileiros-para-quitar-dividas-e-zerar-a-conta\/","title":{"rendered":"Governo libera saque t\u00e3o sonhado aos brasileiros para quitar d\u00edvidas e zerar a conta"},"content":{"rendered":"\n<p>O Governo Federal prepara uma nova medida que pode permitir aos trabalhadores usar parte do saldo do FGTS para quitar d\u00edvidas. A iniciativa faz parte de uma nova vers\u00e3o do programa de renegocia\u00e7\u00e3o, conhecido como \u201cDesenrola 2.0\u201d, e foi confirmada pelo ministro da Fazenda, Dario Durigan. A expectativa \u00e9 que o an\u00fancio oficial aconte\u00e7a ainda nesta semana.<\/p>\n\n\n\n<p>A proposta prev\u00ea um saque limitado do FGTS, com uso exclusivo para pagamento de d\u00edvidas dentro do programa. Ou seja, o trabalhador n\u00e3o poder\u00e1 retirar livremente o dinheiro, j\u00e1 que o valor ser\u00e1 direcionado diretamente para reduzir ou quitar d\u00e9bitos. A medida busca aliviar o or\u00e7amento das fam\u00edlias brasileiras e diminuir o n\u00edvel de inadimpl\u00eancia no pa\u00eds.<\/p>\n\n\n\n<p>A expectativa \u00e9 que o an\u00fancio oficial aconte\u00e7a em breve, ap\u00f3s ajustes finais com institui\u00e7\u00f5es financeiras e defini\u00e7\u00e3o das regras. Entre os pontos em an\u00e1lise est\u00e3o o percentual do saldo que poder\u00e1 ser utilizado e quais tipos de d\u00edvidas poder\u00e3o ser inclu\u00eddas no programa. A proposta tamb\u00e9m deve envolver bancos p\u00fablicos e privados, ampliando o alcance da iniciativa.<\/p>\n\n\n\n<p>Mesmo sendo vista como uma oportunidade de \u201czerar as contas\u201d, a medida ainda levanta cautela por parte de especialistas, que alertam para o uso consciente do FGTS. Isso porque o fundo tem fun\u00e7\u00e3o importante de prote\u00e7\u00e3o ao trabalhador em casos como demiss\u00e3o sem justa causa, al\u00e9m de ser utilizado em pol\u00edticas habitacionais e de infraestrutura.<\/p>\n\n\n\n<h2 class=\"wp-block-heading\">Programa pode ajudar milh\u00f5es, mas ter\u00e1 regras e limita\u00e7\u00f5es<\/h2>\n\n\n\n<p>A nova proposta do governo deve atingir milh\u00f5es de brasileiros endividados, permitindo o uso do Fundo de Garantia do Tempo de Servi\u00e7o dentro de um programa de renegocia\u00e7\u00e3o. A medida, ligada ao novo Desenrola, busca facilitar a quita\u00e7\u00e3o de d\u00edvidas com descontos e condi\u00e7\u00f5es especiais, ampliando o alcance da iniciativa.<\/p>\n\n\n\n<p>Apesar disso, o acesso ao dinheiro ter\u00e1 limita\u00e7\u00f5es importantes. O saque ser\u00e1 restrito ao pagamento de d\u00e9bitos e n\u00e3o poder\u00e1 ser feito livremente, al\u00e9m de haver um teto para uso do saldo. A ideia do governo \u00e9 equilibrar o al\u00edvio financeiro imediato com a preserva\u00e7\u00e3o do fundo, evitando que o trabalhador comprometa toda a sua reserva.<\/p>\n\n\n\n<p><\/p>\n","protected":false},"excerpt":{"rendered":"<p>O Governo Federal prepara uma nova medida que pode permitir aos trabalhadores usar parte do saldo do FGTS para quitar d\u00edvidas. A iniciativa faz parte de uma nova vers\u00e3o do programa de renegocia\u00e7\u00e3o, conhecido como \u201cDesenrola 2.0\u201d, e foi confirmada pelo ministro da Fazenda, Dario Durigan. A expectativa \u00e9 que o an\u00fancio oficial aconte\u00e7a ainda [&hellip;]<\/p>\n","protected":false},"author":4,"featured_media":2120,"comment_status":"open","ping_status":"open","sticky":false,"template":"","format":"standard","meta":{"jnews-multi-image_gallery":[],"jnews_single_post":{"format":"standard"},"jnews_primary_category":[],"jnews_social_meta":[],"jnews_post_split":[],"footnotes":""},"categories":[1],"tags":[],"class_list":["post-26085","post","type-post","status-publish","format-standard","has-post-thumbnail","hentry","category-uncategorized"],"_links":{"self":[{"href":"https:\/\/diariodepernambuco.audiencelabs.com.br\/wp-json\/wp\/v2\/posts\/26085","targetHints":{"allow":["GET"]}}],"collection":[{"href":"https:\/\/diariodepernambuco.audiencelabs.com.br\/wp-json\/wp\/v2\/posts"}],"about":[{"href":"https:\/\/diariodepernambuco.audiencelabs.com.br\/wp-json\/wp\/v2\/types\/post"}],"author":[{"embeddable":true,"href":"https:\/\/diariodepernambuco.audiencelabs.com.br\/wp-json\/wp\/v2\/users\/4"}],"replies":[{"embeddable":true,"href":"https:\/\/diariodepernambuco.audiencelabs.com.br\/wp-json\/wp\/v2\/comments?post=26085"}],"version-history":[{"count":3,"href":"https:\/\/diariodepernambuco.audiencelabs.com.br\/wp-json\/wp\/v2\/posts\/26085\/revisions"}],"predecessor-version":[{"id":26089,"href":"https:\/\/diariodepernambuco.audiencelabs.com.br\/wp-json\/wp\/v2\/posts\/26085\/revisions\/26089"}],"wp:featuredmedia":[{"embeddable":true,"href":"https:\/\/diariodepernambuco.audiencelabs.com.br\/wp-json\/wp\/v2\/media\/2120"}],"wp:attachment":[{"href":"https:\/\/diariodepernambuco.audiencelabs.com.br\/wp-json\/wp\/v2\/media?parent=26085"}],"wp:term":[{"taxonomy":"category","embeddable":true,"href":"https:\/\/diariodepernambuco.audiencelabs.com.br\/wp-json\/wp\/v2\/categories?post=26085"},{"taxonomy":"post_tag","embeddable":true,"href":"https:\/\/diariodepernambuco.audiencelabs.com.br\/wp-json\/wp\/v2\/tags?post=26085"}],"curies":[{"name":"wp","href":"https:\/\/api.w.org\/{rel}","templated":true}]}}