{"id":26090,"date":"2026-04-28T11:00:00","date_gmt":"2026-04-28T14:00:00","guid":{"rendered":"https:\/\/diariodepernambuco.audiencelabs.com.br\/?p=26090"},"modified":"2026-04-28T09:59:54","modified_gmt":"2026-04-28T12:59:54","slug":"governo-volta-atras-e-cancela-feriado-que-estava-confirmado-para-maio","status":"publish","type":"post","link":"https:\/\/diariodepernambuco.audiencelabs.com.br\/governo-volta-atras-e-cancela-feriado-que-estava-confirmado-para-maio\/","title":{"rendered":"Governo volta atr\u00e1s e cancela feriado que estava confirmado para maio"},"content":{"rendered":"\n<p>Uma decis\u00e3o da Justi\u00e7a suspendeu a mudan\u00e7a que criaria um feriado prolongado em maio, frustrando trabalhadores que j\u00e1 contavam com a folga extra. O caso envolve a cidade de Maring\u00e1, onde uma lei municipal havia transferido o feriado de anivers\u00e1rio da cidade para o dia 11 de maio (segunda-feira), mesmo com a data oficial caindo no domingo (10).<\/p>\n\n\n\n<p>No entanto, o Tribunal de Justi\u00e7a do Paran\u00e1 barrou a altera\u00e7\u00e3o e determinou a suspens\u00e3o da lei, fazendo com que o feriado volte a ser celebrado na data original. Com isso, a segunda-feira deixa de ser considerada feriado, e o descanso prolongado n\u00e3o acontecer\u00e1 como previsto inicialmente.<\/p>\n\n\n\n<p>A decis\u00e3o foi tomada ap\u00f3s questionamentos sobre a legalidade da mudan\u00e7a, incluindo poss\u00edveis preju\u00edzos econ\u00f4micos e viola\u00e7\u00e3o de normas federais que regulam a cria\u00e7\u00e3o de feriados no Brasil. Entidades do setor produtivo tamb\u00e9m pressionaram contra a altera\u00e7\u00e3o, alegando impactos negativos para empresas e trabalhadores.<\/p>\n\n\n\n<p>Com a suspens\u00e3o, trabalhadores foram avisados antecipadamente sobre o cancelamento da folga extra, evitando mudan\u00e7as de \u00faltima hora na rotina. Apesar disso, o caso ainda pode ter novos desdobramentos na Justi\u00e7a, mas, por enquanto, o calend\u00e1rio segue sem o feriado prolongado em maio.<\/p>\n\n\n\n<h2 class=\"wp-block-heading\">Mudan\u00e7a gerou pol\u00eamica e dividiu opini\u00f5es<\/h2>\n\n\n\n<p>A tentativa de transferir o feriado tinha como objetivo garantir um dia \u00fatil de descanso para a popula\u00e7\u00e3o, permitindo comemora\u00e7\u00f5es mais amplas. No entanto, a proposta acabou gerando forte rea\u00e7\u00e3o de entidades comerciais e industriais, que apontaram poss\u00edveis preju\u00edzos com a paralisa\u00e7\u00e3o das atividades em plena semana.<\/p>\n\n\n\n<p>Por outro lado, muitos trabalhadores viam a mudan\u00e7a como positiva, j\u00e1 que criaria um feriado prolongado e mais tempo de descanso. Com a decis\u00e3o judicial, por\u00e9m, prevaleceu o entendimento legal, e o calend\u00e1rio retorna ao formato original, sem altera\u00e7\u00e3o na data comemorativa.<\/p>\n\n\n\n<p><\/p>\n","protected":false},"excerpt":{"rendered":"<p>Uma decis\u00e3o da Justi\u00e7a suspendeu a mudan\u00e7a que criaria um feriado prolongado em maio, frustrando trabalhadores que j\u00e1 contavam com a folga extra. O caso envolve a cidade de Maring\u00e1, onde uma lei municipal havia transferido o feriado de anivers\u00e1rio da cidade para o dia 11 de maio (segunda-feira), mesmo com a data oficial caindo [&hellip;]<\/p>\n","protected":false},"author":4,"featured_media":26094,"comment_status":"open","ping_status":"open","sticky":false,"template":"","format":"standard","meta":{"jnews-multi-image_gallery":[],"jnews_single_post":{"format":"standard"},"jnews_primary_category":[],"jnews_social_meta":[],"jnews_post_split":[],"footnotes":""},"categories":[1],"tags":[],"class_list":["post-26090","post","type-post","status-publish","format-standard","has-post-thumbnail","hentry","category-uncategorized"],"_links":{"self":[{"href":"https:\/\/diariodepernambuco.audiencelabs.com.br\/wp-json\/wp\/v2\/posts\/26090","targetHints":{"allow":["GET"]}}],"collection":[{"href":"https:\/\/diariodepernambuco.audiencelabs.com.br\/wp-json\/wp\/v2\/posts"}],"about":[{"href":"https:\/\/diariodepernambuco.audiencelabs.com.br\/wp-json\/wp\/v2\/types\/post"}],"author":[{"embeddable":true,"href":"https:\/\/diariodepernambuco.audiencelabs.com.br\/wp-json\/wp\/v2\/users\/4"}],"replies":[{"embeddable":true,"href":"https:\/\/diariodepernambuco.audiencelabs.com.br\/wp-json\/wp\/v2\/comments?post=26090"}],"version-history":[{"count":2,"href":"https:\/\/diariodepernambuco.audiencelabs.com.br\/wp-json\/wp\/v2\/posts\/26090\/revisions"}],"predecessor-version":[{"id":26093,"href":"https:\/\/diariodepernambuco.audiencelabs.com.br\/wp-json\/wp\/v2\/posts\/26090\/revisions\/26093"}],"wp:featuredmedia":[{"embeddable":true,"href":"https:\/\/diariodepernambuco.audiencelabs.com.br\/wp-json\/wp\/v2\/media\/26094"}],"wp:attachment":[{"href":"https:\/\/diariodepernambuco.audiencelabs.com.br\/wp-json\/wp\/v2\/media?parent=26090"}],"wp:term":[{"taxonomy":"category","embeddable":true,"href":"https:\/\/diariodepernambuco.audiencelabs.com.br\/wp-json\/wp\/v2\/categories?post=26090"},{"taxonomy":"post_tag","embeddable":true,"href":"https:\/\/diariodepernambuco.audiencelabs.com.br\/wp-json\/wp\/v2\/tags?post=26090"}],"curies":[{"name":"wp","href":"https:\/\/api.w.org\/{rel}","templated":true}]}}