{"id":26095,"date":"2026-04-28T11:30:00","date_gmt":"2026-04-28T14:30:00","guid":{"rendered":"https:\/\/diariodepernambuco.audiencelabs.com.br\/?p=26095"},"modified":"2026-04-28T10:07:44","modified_gmt":"2026-04-28T13:07:44","slug":"icone-da-formula-1-sofre-acidente-grave-e-carro-capota-longe-das-pistas-na-europa","status":"publish","type":"post","link":"https:\/\/diariodepernambuco.audiencelabs.com.br\/icone-da-formula-1-sofre-acidente-grave-e-carro-capota-longe-das-pistas-na-europa\/","title":{"rendered":"\u00cdcone da F\u00f3rmula 1 sofre acidente grave e carro capota longe das pistas na Europa"},"content":{"rendered":"\n<p>Um nome hist\u00f3rico da F\u00f3rmula 1 viveu momentos de grande tens\u00e3o na Europa ap\u00f3s um acidente impressionante durante uma prova de rali. Trata-se de Jos Verstappen, pai do tetracampe\u00e3o Max Verstappen, que capotou o carro em alta velocidade durante o Rallye de Wallonie, disputado na B\u00e9lgica.<\/p>\n\n\n\n<p>O pr\u00f3prio ex-piloto detalhou o que aconteceu e admitiu que errou ao abordar uma curva do trajeto. &#8220;Acho que entrei na curva um pouco r\u00e1pido demais e, no final dela, o carro derrapou\u201d, o que fez com que ele perdesse completamente o controle do ve\u00edculo. Na sequ\u00eancia, o impacto foi inevit\u00e1vel: \u201cbatemos em um poste. O carro rodou e capotamos\u201d, relatou.<\/p>\n\n\n\n<p>O acidente ocorreu em um trecho de alta velocidade da prova e obrigou a dupla a abandonar imediatamente a competi\u00e7\u00e3o. Apesar do cen\u00e1rio impressionante e dos danos severos ao ve\u00edculo, tanto Jos quanto o copiloto conseguiram sair do carro sem ferimentos, algo que refor\u00e7a os avan\u00e7os nos sistemas de seguran\u00e7a do automobilismo moderno.<\/p>\n\n\n\n<p>Ap\u00f3s o susto, Verstappen fez quest\u00e3o de destacar o al\u00edvio pelo desfecho positivo e a import\u00e2ncia da seguran\u00e7a. \u201cO mais importante \u00e9 que eu e Jasper sa\u00edmos em seguran\u00e7a\u201d, afirmou o ex-piloto, que ainda completou: \u201cfoi um grande impacto\u2026 fico feliz que tenhamos sa\u00eddo ilesos dessa situa\u00e7\u00e3o\u201d. Mesmo longe da F\u00f3rmula 1 h\u00e1 anos, ele segue ativo no esporte.<\/p>\n\n\n\n<h2 class=\"wp-block-heading\">Trajet\u00f3ria na F\u00f3rmula 1 e legado na fam\u00edlia Verstappen<\/h2>\n\n\n\n<p>Jos Verstappen teve uma passagem marcante pela F\u00f3rmula 1 nos anos 1990 e in\u00edcio dos anos 2000, quando defendeu equipes como Benetton, Arrows e Minardi. Seu melhor momento veio logo na estreia, em 1994, quando conquistou dois p\u00f3dios pela Benetton, mostrando potencial em meio a uma gera\u00e7\u00e3o extremamente competitiva.<\/p>\n\n\n\n<p>O legado do ex-piloto ganhou ainda mais for\u00e7a com o sucesso do filho, Max Verstappen, que se tornou um dos maiores nomes da hist\u00f3ria recente da categoria. Multicampe\u00e3o mundial, Max domina a F\u00f3rmula 1 nos \u00faltimos anos e superou com folga os n\u00fameros do pai, acumulando vit\u00f3rias, poles e recordes importantes.<\/p>\n\n\n\n<p><\/p>\n","protected":false},"excerpt":{"rendered":"<p>Um nome hist\u00f3rico da F\u00f3rmula 1 viveu momentos de grande tens\u00e3o na Europa ap\u00f3s um acidente impressionante durante uma prova de rali. Trata-se de Jos Verstappen, pai do tetracampe\u00e3o Max Verstappen, que capotou o carro em alta velocidade durante o Rallye de Wallonie, disputado na B\u00e9lgica. O pr\u00f3prio ex-piloto detalhou o que aconteceu e admitiu [&hellip;]<\/p>\n","protected":false},"author":4,"featured_media":26097,"comment_status":"open","ping_status":"open","sticky":false,"template":"","format":"standard","meta":{"jnews-multi-image_gallery":[],"jnews_single_post":{"format":"standard"},"jnews_primary_category":[],"jnews_social_meta":[],"jnews_post_split":[],"footnotes":""},"categories":[1],"tags":[],"class_list":["post-26095","post","type-post","status-publish","format-standard","has-post-thumbnail","hentry","category-uncategorized"],"_links":{"self":[{"href":"https:\/\/diariodepernambuco.audiencelabs.com.br\/wp-json\/wp\/v2\/posts\/26095","targetHints":{"allow":["GET"]}}],"collection":[{"href":"https:\/\/diariodepernambuco.audiencelabs.com.br\/wp-json\/wp\/v2\/posts"}],"about":[{"href":"https:\/\/diariodepernambuco.audiencelabs.com.br\/wp-json\/wp\/v2\/types\/post"}],"author":[{"embeddable":true,"href":"https:\/\/diariodepernambuco.audiencelabs.com.br\/wp-json\/wp\/v2\/users\/4"}],"replies":[{"embeddable":true,"href":"https:\/\/diariodepernambuco.audiencelabs.com.br\/wp-json\/wp\/v2\/comments?post=26095"}],"version-history":[{"count":3,"href":"https:\/\/diariodepernambuco.audiencelabs.com.br\/wp-json\/wp\/v2\/posts\/26095\/revisions"}],"predecessor-version":[{"id":26100,"href":"https:\/\/diariodepernambuco.audiencelabs.com.br\/wp-json\/wp\/v2\/posts\/26095\/revisions\/26100"}],"wp:featuredmedia":[{"embeddable":true,"href":"https:\/\/diariodepernambuco.audiencelabs.com.br\/wp-json\/wp\/v2\/media\/26097"}],"wp:attachment":[{"href":"https:\/\/diariodepernambuco.audiencelabs.com.br\/wp-json\/wp\/v2\/media?parent=26095"}],"wp:term":[{"taxonomy":"category","embeddable":true,"href":"https:\/\/diariodepernambuco.audiencelabs.com.br\/wp-json\/wp\/v2\/categories?post=26095"},{"taxonomy":"post_tag","embeddable":true,"href":"https:\/\/diariodepernambuco.audiencelabs.com.br\/wp-json\/wp\/v2\/tags?post=26095"}],"curies":[{"name":"wp","href":"https:\/\/api.w.org\/{rel}","templated":true}]}}