{"id":26101,"date":"2026-04-28T12:00:00","date_gmt":"2026-04-28T15:00:00","guid":{"rendered":"https:\/\/diariodepernambuco.audiencelabs.com.br\/?p=26101"},"modified":"2026-04-28T10:19:04","modified_gmt":"2026-04-28T13:19:04","slug":"carro-brasileiro-parece-um-kart-e-foi-fabricado-pela-fiat","status":"publish","type":"post","link":"https:\/\/diariodepernambuco.audiencelabs.com.br\/carro-brasileiro-parece-um-kart-e-foi-fabricado-pela-fiat\/","title":{"rendered":"Carro brasileiro parece um kart e foi fabricado pela Fiat"},"content":{"rendered":"\n<p>O Fiat 147 \u00e9 um dos modelos mais emblem\u00e1ticos da ind\u00fastria automotiva nacional e marcou \u00e9poca ao unir simplicidade, economia e inova\u00e7\u00e3o. Produzido entre 1976 e 1986 pela Fiat no Brasil, o carro ficou conhecido pelo tamanho compacto e pela dirigibilidade leve, caracter\u00edsticas que renderam compara\u00e7\u00f5es com um \u201ckart\u201d nas ruas.<\/p>\n\n\n\n<p>Al\u00e9m disso, foi o primeiro ve\u00edculo da marca fabricado no pa\u00eds, abrindo caminho para a consolida\u00e7\u00e3o da montadora no mercado brasileiro. Derivado do Fiat 127, o modelo foi adaptado para encarar as condi\u00e7\u00f5es brasileiras, incluindo clima, tipo de combust\u00edvel e qualidade das vias.<\/p>\n\n\n\n<p>Produzido na f\u00e1brica de Betim (MG), o 147 ajudou a popularizar o conceito de hatchback no Brasil, oferecendo uma op\u00e7\u00e3o acess\u00edvel, econ\u00f4mica e robusta para o consumidor. Com vers\u00f5es de duas portas, al\u00e9m de varia\u00e7\u00f5es como perua e furg\u00e3o, o carro rapidamente ganhou espa\u00e7o no dia a dia dos brasileiros.<\/p>\n\n\n\n<p>Um dos maiores marcos do modelo veio em 1979, quando o 147 se tornou o primeiro carro do mundo a ser produzido em s\u00e9rie com motor movido 100% a etanol. A inova\u00e7\u00e3o foi resultado do Programa Nacional do \u00c1lcool, criado pelo governo para reduzir a depend\u00eancia de combust\u00edveis f\u00f3sseis. Essa tecnologia colocou o Brasil em destaque global e transformou o carro em s\u00edmbolo de uma nova era energ\u00e9tica.<\/p>\n\n\n\n<p>Ao longo dos anos, o Fiat 147 ganhou diversas vers\u00f5es, como o esportivo Rallye, o mais sofisticado Spazio, a perua Panorama e o utilit\u00e1rio Fiorino, ampliando sua presen\u00e7a no mercado. O modelo tamb\u00e9m teve relev\u00e2ncia internacional, com variantes exportadas e adaptadas para outros pa\u00edses da Am\u00e9rica do Sul e at\u00e9 da Europa, refor\u00e7ando sua import\u00e2ncia dentro da estrat\u00e9gia da Fiat.<\/p>\n\n\n\n<p>O legado do 147 permanece vivo at\u00e9 hoje, sendo lembrado como um dos carros mais importantes da hist\u00f3ria do Brasil. Ele n\u00e3o apenas ajudou a democratizar o acesso ao autom\u00f3vel, como tamb\u00e9m pavimentou o caminho para sucessores de sucesso, como o Uno e o Palio, mantendo a tradi\u00e7\u00e3o de ve\u00edculos compactos, econ\u00f4micos e eficientes no pa\u00eds.<\/p>\n\n\n\n<p><\/p>\n","protected":false},"excerpt":{"rendered":"<p>O Fiat 147 \u00e9 um dos modelos mais emblem\u00e1ticos da ind\u00fastria automotiva nacional e marcou \u00e9poca ao unir simplicidade, economia e inova\u00e7\u00e3o. Produzido entre 1976 e 1986 pela Fiat no Brasil, o carro ficou conhecido pelo tamanho compacto e pela dirigibilidade leve, caracter\u00edsticas que renderam compara\u00e7\u00f5es com um \u201ckart\u201d nas ruas. Al\u00e9m disso, foi o [&hellip;]<\/p>\n","protected":false},"author":4,"featured_media":26104,"comment_status":"open","ping_status":"open","sticky":false,"template":"","format":"standard","meta":{"jnews-multi-image_gallery":[],"jnews_single_post":{"format":"standard"},"jnews_primary_category":[],"jnews_social_meta":[],"jnews_post_split":[],"footnotes":""},"categories":[1],"tags":[],"class_list":["post-26101","post","type-post","status-publish","format-standard","has-post-thumbnail","hentry","category-uncategorized"],"_links":{"self":[{"href":"https:\/\/diariodepernambuco.audiencelabs.com.br\/wp-json\/wp\/v2\/posts\/26101","targetHints":{"allow":["GET"]}}],"collection":[{"href":"https:\/\/diariodepernambuco.audiencelabs.com.br\/wp-json\/wp\/v2\/posts"}],"about":[{"href":"https:\/\/diariodepernambuco.audiencelabs.com.br\/wp-json\/wp\/v2\/types\/post"}],"author":[{"embeddable":true,"href":"https:\/\/diariodepernambuco.audiencelabs.com.br\/wp-json\/wp\/v2\/users\/4"}],"replies":[{"embeddable":true,"href":"https:\/\/diariodepernambuco.audiencelabs.com.br\/wp-json\/wp\/v2\/comments?post=26101"}],"version-history":[{"count":2,"href":"https:\/\/diariodepernambuco.audiencelabs.com.br\/wp-json\/wp\/v2\/posts\/26101\/revisions"}],"predecessor-version":[{"id":26107,"href":"https:\/\/diariodepernambuco.audiencelabs.com.br\/wp-json\/wp\/v2\/posts\/26101\/revisions\/26107"}],"wp:featuredmedia":[{"embeddable":true,"href":"https:\/\/diariodepernambuco.audiencelabs.com.br\/wp-json\/wp\/v2\/media\/26104"}],"wp:attachment":[{"href":"https:\/\/diariodepernambuco.audiencelabs.com.br\/wp-json\/wp\/v2\/media?parent=26101"}],"wp:term":[{"taxonomy":"category","embeddable":true,"href":"https:\/\/diariodepernambuco.audiencelabs.com.br\/wp-json\/wp\/v2\/categories?post=26101"},{"taxonomy":"post_tag","embeddable":true,"href":"https:\/\/diariodepernambuco.audiencelabs.com.br\/wp-json\/wp\/v2\/tags?post=26101"}],"curies":[{"name":"wp","href":"https:\/\/api.w.org\/{rel}","templated":true}]}}