{"id":26106,"date":"2026-04-28T10:37:14","date_gmt":"2026-04-28T13:37:14","guid":{"rendered":"https:\/\/diariodepernambuco.audiencelabs.com.br\/?p=26106"},"modified":"2026-04-28T10:37:16","modified_gmt":"2026-04-28T13:37:16","slug":"confirmado-brasil-vai-duelar-com-o-ira-a-partir-de-julho","status":"publish","type":"post","link":"https:\/\/diariodepernambuco.audiencelabs.com.br\/confirmado-brasil-vai-duelar-com-o-ira-a-partir-de-julho\/","title":{"rendered":"Confirmado! Brasil vai duelar com o Ir\u00e3 a partir de julho"},"content":{"rendered":"\n<p>A Sele\u00e7\u00e3o Brasileira Masculina de V\u00f4lei j\u00e1 tem sua primeira partida na <strong>Liga das Na\u00e7\u00f5es de V\u00f4lei (VNL) 2026<\/strong> definida. A jornada come\u00e7a em casa, na cidade de Bras\u00edlia, no Gin\u00e1sio Nilson Nelson, e o duelo de abertura ser\u00e1 contra o <strong>Ir\u00e3<\/strong>.<\/p>\n\n\n\n<h2 class=\"wp-block-heading\">Agenda da primeira fase<\/h2>\n\n\n\n<p>A etapa inicial acontece entre os dias <strong>10 e 14 de junho<\/strong>, com quatro partidas:<\/p>\n\n\n\n<ul class=\"wp-block-list\">\n<li>10\/06 (20h): Brasil x Ir\u00e3<\/li>\n\n\n\n<li>11\/06 (20h): Brasil x B\u00e9lgica<\/li>\n\n\n\n<li>13\/06 (11h): Brasil x S\u00e9rvia<\/li>\n\n\n\n<li>14\/06 (18h): Brasil x Argentina<\/li>\n<\/ul>\n\n\n\n<h2 class=\"wp-block-heading\">Giro internacional na sequ\u00eancia<\/h2>\n\n\n\n<p>Ap\u00f3s os jogos em Bras\u00edlia, a Sele\u00e7\u00e3o segue para a segunda semana da VNL, que ser\u00e1 disputada em <strong>Ljubljana, na Eslov\u00eania<\/strong>, entre os dias <strong>24 e 28 de junho<\/strong>. O Brasil tem mais quatro confrontos nessa fase:<\/p>\n\n\n\n<ul class=\"wp-block-list\">\n<li>24\/06 (11h30): Brasil x Ucr\u00e2nia<\/li>\n\n\n\n<li>26\/06 (15h): Brasil x It\u00e1lia<\/li>\n\n\n\n<li>27\/06 (15h30): Brasil x Eslov\u00eania<\/li>\n\n\n\n<li>28\/06 (11h30): Brasil x Canad\u00e1<\/li>\n<\/ul>\n\n\n\n<h2 class=\"wp-block-heading\">Onde assistir<\/h2>\n\n\n\n<p>Os jogos da VNL 2026 ter\u00e3o transmiss\u00e3o pelos canais Sportv e pela plataforma Volleyball World TV.<\/p>\n","protected":false},"excerpt":{"rendered":"<p>A Sele\u00e7\u00e3o Brasileira Masculina de V\u00f4lei j\u00e1 tem sua primeira partida na Liga das Na\u00e7\u00f5es de V\u00f4lei (VNL) 2026 definida. A jornada come\u00e7a em casa, na cidade de Bras\u00edlia, no Gin\u00e1sio Nilson Nelson, e o duelo de abertura ser\u00e1 contra o Ir\u00e3. Agenda da primeira fase A etapa inicial acontece entre os dias 10 e [&hellip;]<\/p>\n","protected":false},"author":17,"featured_media":26125,"comment_status":"open","ping_status":"open","sticky":false,"template":"","format":"standard","meta":{"jnews-multi-image_gallery":[],"jnews_single_post":{"format":"standard"},"jnews_primary_category":[],"jnews_social_meta":[],"jnews_post_split":[],"footnotes":""},"categories":[1],"tags":[],"class_list":["post-26106","post","type-post","status-publish","format-standard","has-post-thumbnail","hentry","category-uncategorized"],"_links":{"self":[{"href":"https:\/\/diariodepernambuco.audiencelabs.com.br\/wp-json\/wp\/v2\/posts\/26106","targetHints":{"allow":["GET"]}}],"collection":[{"href":"https:\/\/diariodepernambuco.audiencelabs.com.br\/wp-json\/wp\/v2\/posts"}],"about":[{"href":"https:\/\/diariodepernambuco.audiencelabs.com.br\/wp-json\/wp\/v2\/types\/post"}],"author":[{"embeddable":true,"href":"https:\/\/diariodepernambuco.audiencelabs.com.br\/wp-json\/wp\/v2\/users\/17"}],"replies":[{"embeddable":true,"href":"https:\/\/diariodepernambuco.audiencelabs.com.br\/wp-json\/wp\/v2\/comments?post=26106"}],"version-history":[{"count":2,"href":"https:\/\/diariodepernambuco.audiencelabs.com.br\/wp-json\/wp\/v2\/posts\/26106\/revisions"}],"predecessor-version":[{"id":26175,"href":"https:\/\/diariodepernambuco.audiencelabs.com.br\/wp-json\/wp\/v2\/posts\/26106\/revisions\/26175"}],"wp:featuredmedia":[{"embeddable":true,"href":"https:\/\/diariodepernambuco.audiencelabs.com.br\/wp-json\/wp\/v2\/media\/26125"}],"wp:attachment":[{"href":"https:\/\/diariodepernambuco.audiencelabs.com.br\/wp-json\/wp\/v2\/media?parent=26106"}],"wp:term":[{"taxonomy":"category","embeddable":true,"href":"https:\/\/diariodepernambuco.audiencelabs.com.br\/wp-json\/wp\/v2\/categories?post=26106"},{"taxonomy":"post_tag","embeddable":true,"href":"https:\/\/diariodepernambuco.audiencelabs.com.br\/wp-json\/wp\/v2\/tags?post=26106"}],"curies":[{"name":"wp","href":"https:\/\/api.w.org\/{rel}","templated":true}]}}