{"id":26114,"date":"2026-04-28T12:00:00","date_gmt":"2026-04-28T15:00:00","guid":{"rendered":"https:\/\/diariodepernambuco.audiencelabs.com.br\/?p=26114"},"modified":"2026-04-28T10:29:05","modified_gmt":"2026-04-28T13:29:05","slug":"carro-amado-pelos-brasileiros-virou-lenda-urbana-e-sumiu-das-lojas","status":"publish","type":"post","link":"https:\/\/diariodepernambuco.audiencelabs.com.br\/carro-amado-pelos-brasileiros-virou-lenda-urbana-e-sumiu-das-lojas\/","title":{"rendered":"Carro amado pelos brasileiros virou lenda urbana e sumiu das lojas"},"content":{"rendered":"\n<p>O Gurgel BR-800 \u00e9 um daqueles modelos que marcaram \u00e9poca e, com o passar dos anos, acabou ganhando status de \u201clenda urbana\u201d entre os brasileiros. Produzido entre 1988 e 1992 pela Gurgel Motores S.A., o pequeno carro chamou aten\u00e7\u00e3o por ser totalmente desenvolvido com tecnologia nacional, algo raro na ind\u00fastria automotiva do pa\u00eds.<\/p>\n\n\n\n<p>Compacto, leve e voltado para o uso urbano, ele surgiu como uma proposta ousada em um mercado dominado por grandes montadoras estrangeiras. Idealizado pelo engenheiro Jo\u00e3o Augusto Conrado do Amaral Gurgel, o BR-800 nasceu do projeto CENA (Carro Econ\u00f4mico Nacional), com o objetivo de criar um ve\u00edculo simples, acess\u00edvel e eficiente.<\/p>\n\n\n\n<p>Seu visual de linhas retas e constru\u00e7\u00e3o diferenciada, com estrutura de a\u00e7o tubular revestida por fibra de vidro (tecnologia chamada Plasteel), refletiam a tentativa de reduzir custos e apostar em solu\u00e7\u00f5es inovadoras dentro da realidade brasileira da \u00e9poca.<\/p>\n\n\n\n<p>Na parte mec\u00e2nica, o modelo tamb\u00e9m trazia uma proposta singular, com o motor Enertron bicil\u00edndrico de 792 cm\u00b3, desenvolvido pela pr\u00f3pria Gurgel. Com cerca de 32 cv de pot\u00eancia e desempenho modesto, o carro era voltado exclusivamente para o uso urbano, oferecendo baixo consumo de combust\u00edvel e manuten\u00e7\u00e3o relativamente simples.<\/p>\n\n\n\n<p>Apesar da ideia inovadora, o modelo enfrentou dificuldades comerciais. Um dos fatores que limitaram sua populariza\u00e7\u00e3o foi o formato de venda, j\u00e1 que o carro s\u00f3 podia ser adquirido por quem comprasse a\u00e7\u00f5es da empresa. Al\u00e9m disso, mudan\u00e7as nas regras de incentivos fiscais reduziram sua competitividade, o que impactou diretamente as vendas e contribuiu para sua r\u00e1pida sa\u00edda do mercado.<\/p>\n\n\n\n<p>Com pouco mais de 7 mil unidades produzidas, o BR-800 desapareceu das ruas e das lojas, tornando-se um verdadeiro objeto de curiosidade para entusiastas. Hoje, o modelo \u00e9 lembrado como s\u00edmbolo de uma tentativa genu\u00edna de independ\u00eancia da ind\u00fastria automobil\u00edstica brasileira, al\u00e9m de representar um cap\u00edtulo importante da hist\u00f3ria nacional.<\/p>\n\n\n\n<p><\/p>\n","protected":false},"excerpt":{"rendered":"<p>O Gurgel BR-800 \u00e9 um daqueles modelos que marcaram \u00e9poca e, com o passar dos anos, acabou ganhando status de \u201clenda urbana\u201d entre os brasileiros. Produzido entre 1988 e 1992 pela Gurgel Motores S.A., o pequeno carro chamou aten\u00e7\u00e3o por ser totalmente desenvolvido com tecnologia nacional, algo raro na ind\u00fastria automotiva do pa\u00eds. Compacto, leve [&hellip;]<\/p>\n","protected":false},"author":4,"featured_media":26118,"comment_status":"open","ping_status":"open","sticky":false,"template":"","format":"standard","meta":{"jnews-multi-image_gallery":[],"jnews_single_post":{"format":"standard"},"jnews_primary_category":[],"jnews_social_meta":[],"jnews_post_split":[],"footnotes":""},"categories":[1],"tags":[],"class_list":["post-26114","post","type-post","status-publish","format-standard","has-post-thumbnail","hentry","category-uncategorized"],"_links":{"self":[{"href":"https:\/\/diariodepernambuco.audiencelabs.com.br\/wp-json\/wp\/v2\/posts\/26114","targetHints":{"allow":["GET"]}}],"collection":[{"href":"https:\/\/diariodepernambuco.audiencelabs.com.br\/wp-json\/wp\/v2\/posts"}],"about":[{"href":"https:\/\/diariodepernambuco.audiencelabs.com.br\/wp-json\/wp\/v2\/types\/post"}],"author":[{"embeddable":true,"href":"https:\/\/diariodepernambuco.audiencelabs.com.br\/wp-json\/wp\/v2\/users\/4"}],"replies":[{"embeddable":true,"href":"https:\/\/diariodepernambuco.audiencelabs.com.br\/wp-json\/wp\/v2\/comments?post=26114"}],"version-history":[{"count":2,"href":"https:\/\/diariodepernambuco.audiencelabs.com.br\/wp-json\/wp\/v2\/posts\/26114\/revisions"}],"predecessor-version":[{"id":26117,"href":"https:\/\/diariodepernambuco.audiencelabs.com.br\/wp-json\/wp\/v2\/posts\/26114\/revisions\/26117"}],"wp:featuredmedia":[{"embeddable":true,"href":"https:\/\/diariodepernambuco.audiencelabs.com.br\/wp-json\/wp\/v2\/media\/26118"}],"wp:attachment":[{"href":"https:\/\/diariodepernambuco.audiencelabs.com.br\/wp-json\/wp\/v2\/media?parent=26114"}],"wp:term":[{"taxonomy":"category","embeddable":true,"href":"https:\/\/diariodepernambuco.audiencelabs.com.br\/wp-json\/wp\/v2\/categories?post=26114"},{"taxonomy":"post_tag","embeddable":true,"href":"https:\/\/diariodepernambuco.audiencelabs.com.br\/wp-json\/wp\/v2\/tags?post=26114"}],"curies":[{"name":"wp","href":"https:\/\/api.w.org\/{rel}","templated":true}]}}