{"id":26119,"date":"2026-04-29T13:41:00","date_gmt":"2026-04-29T16:41:00","guid":{"rendered":"https:\/\/diariodepernambuco.audiencelabs.com.br\/?p=26119"},"modified":"2026-04-28T10:35:34","modified_gmt":"2026-04-28T13:35:34","slug":"comunicado-geral-brasileiros-vao-parar-de-receber-abono-salarial","status":"publish","type":"post","link":"https:\/\/diariodepernambuco.audiencelabs.com.br\/comunicado-geral-brasileiros-vao-parar-de-receber-abono-salarial\/","title":{"rendered":"Comunicado geral: brasileiros v\u00e3o parar de receber abono salarial"},"content":{"rendered":"\n<p>Uma mudan\u00e7a nas regras do abono salarial deve impactar milh\u00f5es de trabalhadores nos pr\u00f3ximos anos. De acordo com proje\u00e7\u00f5es do governo divulgadas pelo portal g1, cerca de 4,5 milh\u00f5es de brasileiros deixar\u00e3o de receber o benef\u00edcio at\u00e9 2030, em um processo gradual que come\u00e7a j\u00e1 em 2026.<\/p>\n\n\n\n<p>A principal altera\u00e7\u00e3o est\u00e1 na forma de c\u00e1lculo do limite de renda para ter direito ao abono. A partir de 2026, esse teto passar\u00e1 a ser corrigido apenas pela infla\u00e7\u00e3o, enquanto o sal\u00e1rio m\u00ednimo continuar\u00e1 tendo aumento real. Com isso, menos trabalhadores v\u00e3o se enquadrar nas regras ao longo do tempo, reduzindo o n\u00famero de benefici\u00e1rios ano ap\u00f3s ano.<\/p>\n\n\n\n<p>Na pr\u00e1tica, o impacto come\u00e7a de forma gradual, mas cresce rapidamente. Ainda em 2026, cerca de 559 mil pessoas j\u00e1 devem perder o direito ao benef\u00edcio. Esse n\u00famero sobe para mais de 1,5 milh\u00e3o em 2027 e continua aumentando at\u00e9 atingir aproximadamente 4,56 milh\u00f5es de trabalhadores exclu\u00eddos at\u00e9 2030.<\/p>\n\n\n\n<p>Apesar da redu\u00e7\u00e3o no n\u00famero de benefici\u00e1rios, o governo afirma que a medida busca tornar o programa mais sustent\u00e1vel e direcionado \u00e0 popula\u00e7\u00e3o de menor renda. O abono salarial, que pode chegar a at\u00e9 um sal\u00e1rio m\u00ednimo por ano, continuar\u00e1 existindo, mas com acesso mais restrito ao longo dos pr\u00f3ximos anos.<\/p>\n\n\n\n<h2 class=\"wp-block-heading\">Entenda quem ainda ter\u00e1 direito ao benef\u00edcio<\/h2>\n\n\n\n<p>O abono salarial \u00e9 um pagamento anual destinado a trabalhadores formais que atendem a crit\u00e9rios espec\u00edficos, como tempo de cadastro no PIS\/Pasep, per\u00edodo m\u00ednimo de trabalho no ano-base e limite de renda. Atualmente, o benef\u00edcio funciona como um complemento financeiro importante, podendo chegar ao valor de at\u00e9 um sal\u00e1rio m\u00ednimo, proporcional ao tempo trabalhado.<\/p>\n\n\n\n<p>Com as novas regras, esse p\u00fablico ser\u00e1 reduzido gradualmente, priorizando trabalhadores com renda mais baixa. A tend\u00eancia \u00e9 que, ao longo dos anos, o benef\u00edcio fique cada vez mais concentrado em quem ganha menos, mudando o perfil de quem recebe o abono e exigindo mais aten\u00e7\u00e3o dos brasileiros \u00e0s regras atualizadas.<\/p>\n\n\n\n<p><\/p>\n","protected":false},"excerpt":{"rendered":"<p>Uma mudan\u00e7a nas regras do abono salarial deve impactar milh\u00f5es de trabalhadores nos pr\u00f3ximos anos. De acordo com proje\u00e7\u00f5es do governo divulgadas pelo portal g1, cerca de 4,5 milh\u00f5es de brasileiros deixar\u00e3o de receber o benef\u00edcio at\u00e9 2030, em um processo gradual que come\u00e7a j\u00e1 em 2026. A principal altera\u00e7\u00e3o est\u00e1 na forma de c\u00e1lculo [&hellip;]<\/p>\n","protected":false},"author":4,"featured_media":26122,"comment_status":"open","ping_status":"open","sticky":false,"template":"","format":"standard","meta":{"jnews-multi-image_gallery":[],"jnews_single_post":{"format":"standard"},"jnews_primary_category":[],"jnews_social_meta":[],"jnews_post_split":[],"footnotes":""},"categories":[1],"tags":[],"class_list":["post-26119","post","type-post","status-publish","format-standard","has-post-thumbnail","hentry","category-uncategorized"],"_links":{"self":[{"href":"https:\/\/diariodepernambuco.audiencelabs.com.br\/wp-json\/wp\/v2\/posts\/26119","targetHints":{"allow":["GET"]}}],"collection":[{"href":"https:\/\/diariodepernambuco.audiencelabs.com.br\/wp-json\/wp\/v2\/posts"}],"about":[{"href":"https:\/\/diariodepernambuco.audiencelabs.com.br\/wp-json\/wp\/v2\/types\/post"}],"author":[{"embeddable":true,"href":"https:\/\/diariodepernambuco.audiencelabs.com.br\/wp-json\/wp\/v2\/users\/4"}],"replies":[{"embeddable":true,"href":"https:\/\/diariodepernambuco.audiencelabs.com.br\/wp-json\/wp\/v2\/comments?post=26119"}],"version-history":[{"count":2,"href":"https:\/\/diariodepernambuco.audiencelabs.com.br\/wp-json\/wp\/v2\/posts\/26119\/revisions"}],"predecessor-version":[{"id":26124,"href":"https:\/\/diariodepernambuco.audiencelabs.com.br\/wp-json\/wp\/v2\/posts\/26119\/revisions\/26124"}],"wp:featuredmedia":[{"embeddable":true,"href":"https:\/\/diariodepernambuco.audiencelabs.com.br\/wp-json\/wp\/v2\/media\/26122"}],"wp:attachment":[{"href":"https:\/\/diariodepernambuco.audiencelabs.com.br\/wp-json\/wp\/v2\/media?parent=26119"}],"wp:term":[{"taxonomy":"category","embeddable":true,"href":"https:\/\/diariodepernambuco.audiencelabs.com.br\/wp-json\/wp\/v2\/categories?post=26119"},{"taxonomy":"post_tag","embeddable":true,"href":"https:\/\/diariodepernambuco.audiencelabs.com.br\/wp-json\/wp\/v2\/tags?post=26119"}],"curies":[{"name":"wp","href":"https:\/\/api.w.org\/{rel}","templated":true}]}}