{"id":26127,"date":"2026-04-28T10:58:35","date_gmt":"2026-04-28T13:58:35","guid":{"rendered":"https:\/\/diariodepernambuco.audiencelabs.com.br\/?p=26127"},"modified":"2026-04-28T10:58:36","modified_gmt":"2026-04-28T13:58:36","slug":"frio-vai-durar-pouco-e-vai-ser-substituido-por-chuva-em-estado-brasileiro","status":"publish","type":"post","link":"https:\/\/diariodepernambuco.audiencelabs.com.br\/frio-vai-durar-pouco-e-vai-ser-substituido-por-chuva-em-estado-brasileiro\/","title":{"rendered":"Frio vai durar pouco e vai ser substitu\u00eddo por chuva em estado brasileiro"},"content":{"rendered":"\n<p>A sensa\u00e7\u00e3o de inverno fora de \u00e9poca n\u00e3o deve durar muito no <strong>Rio Grande do Sul<\/strong>. O ar frio que derrubou as temperaturas nos \u00faltimos dias j\u00e1 come\u00e7a a perder for\u00e7a, preparando o cen\u00e1rio para uma mudan\u00e7a no clima nos pr\u00f3ximos dias. As informa\u00e7\u00f5es s\u00e3o da <em>MetSul Meteorologia<\/em>.<\/p>\n\n\n\n<p>Com o enfraquecimento da massa de ar seco, a atmosfera pode ficar mais inst\u00e1vel. A previs\u00e3o da MetSul indica o retorno da chuva em diversas regi\u00f5es do estado devido \u00e0 forma\u00e7\u00e3o de uma nova frente fria, que deve trazer volumes consider\u00e1veis de chuva em alguns pontos.<\/p>\n\n\n\n<h2 class=\"wp-block-heading\">Previs\u00e3o para sexta-feira e s\u00e1bado<\/h2>\n\n\n\n<p>O feriado promete ser de c\u00e9u encoberto e chuva, j\u00e1 que a instabilidade deve se espalhar, atingindo grande parte do estado, com possibilidade de pancadas intensas em algumas \u00e1reas.<\/p>\n\n\n\n<p>No s\u00e1bado, a chuva pode se concentrar na metade norte do estado. \u00c1reas serranas, regi\u00f5es metropolitanas e o litoral t\u00eam maior chance de registrar chuva moderada a forte em alguns momentos. Apesar disso, ao longo do dia, a tend\u00eancia \u00e9 de melhora.<\/p>\n\n\n\n<h2 class=\"wp-block-heading\">Nova massa de ar traz al\u00edvio<\/h2>\n\n\n\n<p>Uma nova incurs\u00e3o de ar seco e frio come\u00e7a a atuar no domingo, o que favorece a diminui\u00e7\u00e3o das nuvens e o retorno do tempo firme. Assim o clima volta a ficar mais est\u00e1vel, encerrando esse ciclo de chuvas na regi\u00e3o.<\/p>\n","protected":false},"excerpt":{"rendered":"<p>A sensa\u00e7\u00e3o de inverno fora de \u00e9poca n\u00e3o deve durar muito no Rio Grande do Sul. O ar frio que derrubou as temperaturas nos \u00faltimos dias j\u00e1 come\u00e7a a perder for\u00e7a, preparando o cen\u00e1rio para uma mudan\u00e7a no clima nos pr\u00f3ximos dias. As informa\u00e7\u00f5es s\u00e3o da MetSul Meteorologia. Com o enfraquecimento da massa de ar [&hellip;]<\/p>\n","protected":false},"author":17,"featured_media":21861,"comment_status":"open","ping_status":"open","sticky":false,"template":"","format":"standard","meta":{"jnews-multi-image_gallery":[],"jnews_single_post":{"format":"standard"},"jnews_primary_category":[],"jnews_social_meta":[],"jnews_post_split":[],"footnotes":""},"categories":[1],"tags":[],"class_list":["post-26127","post","type-post","status-publish","format-standard","has-post-thumbnail","hentry","category-uncategorized"],"_links":{"self":[{"href":"https:\/\/diariodepernambuco.audiencelabs.com.br\/wp-json\/wp\/v2\/posts\/26127","targetHints":{"allow":["GET"]}}],"collection":[{"href":"https:\/\/diariodepernambuco.audiencelabs.com.br\/wp-json\/wp\/v2\/posts"}],"about":[{"href":"https:\/\/diariodepernambuco.audiencelabs.com.br\/wp-json\/wp\/v2\/types\/post"}],"author":[{"embeddable":true,"href":"https:\/\/diariodepernambuco.audiencelabs.com.br\/wp-json\/wp\/v2\/users\/17"}],"replies":[{"embeddable":true,"href":"https:\/\/diariodepernambuco.audiencelabs.com.br\/wp-json\/wp\/v2\/comments?post=26127"}],"version-history":[{"count":1,"href":"https:\/\/diariodepernambuco.audiencelabs.com.br\/wp-json\/wp\/v2\/posts\/26127\/revisions"}],"predecessor-version":[{"id":26133,"href":"https:\/\/diariodepernambuco.audiencelabs.com.br\/wp-json\/wp\/v2\/posts\/26127\/revisions\/26133"}],"wp:featuredmedia":[{"embeddable":true,"href":"https:\/\/diariodepernambuco.audiencelabs.com.br\/wp-json\/wp\/v2\/media\/21861"}],"wp:attachment":[{"href":"https:\/\/diariodepernambuco.audiencelabs.com.br\/wp-json\/wp\/v2\/media?parent=26127"}],"wp:term":[{"taxonomy":"category","embeddable":true,"href":"https:\/\/diariodepernambuco.audiencelabs.com.br\/wp-json\/wp\/v2\/categories?post=26127"},{"taxonomy":"post_tag","embeddable":true,"href":"https:\/\/diariodepernambuco.audiencelabs.com.br\/wp-json\/wp\/v2\/tags?post=26127"}],"curies":[{"name":"wp","href":"https:\/\/api.w.org\/{rel}","templated":true}]}}