{"id":26128,"date":"2026-04-29T12:15:00","date_gmt":"2026-04-29T15:15:00","guid":{"rendered":"https:\/\/diariodepernambuco.audiencelabs.com.br\/?p=26128"},"modified":"2026-04-28T10:58:40","modified_gmt":"2026-04-28T13:58:40","slug":"brasileiras-que-trabalham-como-domesticas-recebem-comunicado-de-brasilia","status":"publish","type":"post","link":"https:\/\/diariodepernambuco.audiencelabs.com.br\/brasileiras-que-trabalham-como-domesticas-recebem-comunicado-de-brasilia\/","title":{"rendered":"Brasileiras que trabalham como dom\u00e9sticas recebem comunicado de Bras\u00edlia"},"content":{"rendered":"\n<p>Um novo levantamento sobre o trabalho dom\u00e9stico acendeu alerta para milh\u00f5es de brasileiras que atuam na \u00e1rea. Dados divulgados em Bras\u00edlia mostram que, apesar do crescimento da ocupa\u00e7\u00e3o no setor, a informalidade e os baixos sal\u00e1rios continuam sendo uma realidade predominante para a categoria.<\/p>\n\n\n\n<p>O estudo aponta que o trabalho dom\u00e9stico segue como uma das principais fontes de renda para mulheres no Brasil, especialmente entre as mais vulner\u00e1veis. Mesmo ap\u00f3s avan\u00e7os legais, como a regulamenta\u00e7\u00e3o de direitos trabalhistas, grande parte das profissionais ainda atua sem carteira assinada, o que limita o acesso a benef\u00edcios b\u00e1sicos e aumenta a inseguran\u00e7a financeira.<\/p>\n\n\n\n<p>Al\u00e9m disso, o cen\u00e1rio revela desigualdades estruturais profundas, com forte presen\u00e7a de mulheres negras na categoria e rendimentos frequentemente abaixo da m\u00e9dia de outros setores. A combina\u00e7\u00e3o de baixa formaliza\u00e7\u00e3o e sal\u00e1rios reduzidos refor\u00e7a a dificuldade de ascens\u00e3o social e mant\u00e9m o trabalho dom\u00e9stico como uma atividade marcada pela precariza\u00e7\u00e3o.<\/p>\n\n\n\n<p>Mesmo com o aumento no n\u00famero de vagas, especialistas alertam que o crescimento n\u00e3o necessariamente representa melhoria nas condi\u00e7\u00f5es de trabalho. Pelo contr\u00e1rio, o avan\u00e7o da informalidade pode indicar uma expans\u00e3o de empregos sem prote\u00e7\u00e3o legal, o que preocupa autoridades e entidades que acompanham o setor.<\/p>\n\n\n\n<h2 class=\"wp-block-heading\">Crescimento do setor n\u00e3o resolve problemas hist\u00f3ricos<\/h2>\n\n\n\n<p>Apesar de ainda ser uma das principais alternativas de emprego feminino, o trabalho dom\u00e9stico no Brasil continua enfrentando desafios hist\u00f3ricos ligados \u00e0 valoriza\u00e7\u00e3o profissional e \u00e0 garantia de direitos. A formaliza\u00e7\u00e3o ainda \u00e9 baixa, e muitas trabalhadoras seguem sem acesso a benef\u00edcios como FGTS, aposentadoria e seguro-desemprego.<\/p>\n\n\n\n<p>O cen\u00e1rio refor\u00e7a a necessidade de pol\u00edticas p\u00fablicas mais eficazes para ampliar a prote\u00e7\u00e3o dessas profissionais. Sem mudan\u00e7as estruturais, o crescimento do setor tende a manter o mesmo padr\u00e3o de desigualdade, com muitas brasileiras trabalhando mais, mas ainda ganhando pouco e sem seguran\u00e7a no futuro.<\/p>\n\n\n\n<p><\/p>\n","protected":false},"excerpt":{"rendered":"<p>Um novo levantamento sobre o trabalho dom\u00e9stico acendeu alerta para milh\u00f5es de brasileiras que atuam na \u00e1rea. Dados divulgados em Bras\u00edlia mostram que, apesar do crescimento da ocupa\u00e7\u00e3o no setor, a informalidade e os baixos sal\u00e1rios continuam sendo uma realidade predominante para a categoria. O estudo aponta que o trabalho dom\u00e9stico segue como uma das [&hellip;]<\/p>\n","protected":false},"author":4,"featured_media":12992,"comment_status":"open","ping_status":"open","sticky":false,"template":"","format":"standard","meta":{"jnews-multi-image_gallery":[],"jnews_single_post":{"format":"standard"},"jnews_primary_category":[],"jnews_social_meta":[],"jnews_post_split":[],"footnotes":""},"categories":[1],"tags":[],"class_list":["post-26128","post","type-post","status-publish","format-standard","has-post-thumbnail","hentry","category-uncategorized"],"_links":{"self":[{"href":"https:\/\/diariodepernambuco.audiencelabs.com.br\/wp-json\/wp\/v2\/posts\/26128","targetHints":{"allow":["GET"]}}],"collection":[{"href":"https:\/\/diariodepernambuco.audiencelabs.com.br\/wp-json\/wp\/v2\/posts"}],"about":[{"href":"https:\/\/diariodepernambuco.audiencelabs.com.br\/wp-json\/wp\/v2\/types\/post"}],"author":[{"embeddable":true,"href":"https:\/\/diariodepernambuco.audiencelabs.com.br\/wp-json\/wp\/v2\/users\/4"}],"replies":[{"embeddable":true,"href":"https:\/\/diariodepernambuco.audiencelabs.com.br\/wp-json\/wp\/v2\/comments?post=26128"}],"version-history":[{"count":3,"href":"https:\/\/diariodepernambuco.audiencelabs.com.br\/wp-json\/wp\/v2\/posts\/26128\/revisions"}],"predecessor-version":[{"id":26134,"href":"https:\/\/diariodepernambuco.audiencelabs.com.br\/wp-json\/wp\/v2\/posts\/26128\/revisions\/26134"}],"wp:featuredmedia":[{"embeddable":true,"href":"https:\/\/diariodepernambuco.audiencelabs.com.br\/wp-json\/wp\/v2\/media\/12992"}],"wp:attachment":[{"href":"https:\/\/diariodepernambuco.audiencelabs.com.br\/wp-json\/wp\/v2\/media?parent=26128"}],"wp:term":[{"taxonomy":"category","embeddable":true,"href":"https:\/\/diariodepernambuco.audiencelabs.com.br\/wp-json\/wp\/v2\/categories?post=26128"},{"taxonomy":"post_tag","embeddable":true,"href":"https:\/\/diariodepernambuco.audiencelabs.com.br\/wp-json\/wp\/v2\/tags?post=26128"}],"curies":[{"name":"wp","href":"https:\/\/api.w.org\/{rel}","templated":true}]}}