{"id":26135,"date":"2026-04-28T13:30:06","date_gmt":"2026-04-28T16:30:06","guid":{"rendered":"https:\/\/diariodepernambuco.audiencelabs.com.br\/?p=26135"},"modified":"2026-04-28T13:30:08","modified_gmt":"2026-04-28T16:30:08","slug":"maior-aeroporto-do-litoral-sul-vai-custar-r-400-milhoes-e-tera-quase-1-500-metros-de-extensao","status":"publish","type":"post","link":"https:\/\/diariodepernambuco.audiencelabs.com.br\/maior-aeroporto-do-litoral-sul-vai-custar-r-400-milhoes-e-tera-quase-1-500-metros-de-extensao\/","title":{"rendered":"Maior aeroporto do litoral Sul vai custar R$ 400 milh\u00f5es e ter\u00e1 quase 1.500 metros de extens\u00e3o"},"content":{"rendered":"\n<p>O <strong>Aer\u00f3dromo Campo Comandantes<\/strong>, em Itaja\u00ed, vai passar por grandes mudan\u00e7as nos pr\u00f3ximos anos. Com um investimento de cerca de <strong>R$ 400 milh\u00f5es<\/strong>, o local deve se tornar um dos principais aeroportos de avia\u00e7\u00e3o executiva da regi\u00e3o.<\/p>\n\n\n\n<p>Uma das principais mudan\u00e7as ser\u00e1 o aumento da pista, que chegar\u00e1 perto de <strong>1.500 metros de extens\u00e3o<\/strong>, o que far\u00e1 com que o aeroporto possa receber mais tipos de aeronaves, incluindo modelos maiores.<\/p>\n\n\n\n<p>O projeto tamb\u00e9m prev\u00ea a constru\u00e7\u00e3o de novos espa\u00e7os usados para guardar e manter avi\u00f5es, assim tendo mais estrutura para atender a um n\u00famero maior de opera\u00e7\u00f5es com mais qualidade. Al\u00e9m disso, o plano tamb\u00e9m inclui a cria\u00e7\u00e3o de \u00e1reas com restaurantes, servi\u00e7os e espa\u00e7os de apoio para quem passa pelo aeroporto.<\/p>\n\n\n\n<h2 class=\"wp-block-heading\">Benef\u00edcios para a regi\u00e3o<\/h2>\n\n\n\n<p>O crescimento do aer\u00f3dromo deve trazer impactos positivos para a economia local. A expectativa \u00e9 de gera\u00e7\u00e3o de empregos, aumento da movimenta\u00e7\u00e3o financeira e atra\u00e7\u00e3o de novos investimentos. Al\u00e9m disso, com apoio do setor p\u00fablico e privado, tamb\u00e9m est\u00e3o previstas melhorias no entorno, como vias de acesso e infraestrutura urbana.<\/p>\n","protected":false},"excerpt":{"rendered":"<p>O Aer\u00f3dromo Campo Comandantes, em Itaja\u00ed, vai passar por grandes mudan\u00e7as nos pr\u00f3ximos anos. Com um investimento de cerca de R$ 400 milh\u00f5es, o local deve se tornar um dos principais aeroportos de avia\u00e7\u00e3o executiva da regi\u00e3o. Uma das principais mudan\u00e7as ser\u00e1 o aumento da pista, que chegar\u00e1 perto de 1.500 metros de extens\u00e3o, o [&hellip;]<\/p>\n","protected":false},"author":17,"featured_media":26171,"comment_status":"open","ping_status":"open","sticky":false,"template":"","format":"standard","meta":{"jnews-multi-image_gallery":[],"jnews_single_post":{"format":"standard"},"jnews_primary_category":[],"jnews_social_meta":[],"jnews_post_split":[],"footnotes":""},"categories":[1],"tags":[],"class_list":["post-26135","post","type-post","status-publish","format-standard","has-post-thumbnail","hentry","category-uncategorized"],"_links":{"self":[{"href":"https:\/\/diariodepernambuco.audiencelabs.com.br\/wp-json\/wp\/v2\/posts\/26135","targetHints":{"allow":["GET"]}}],"collection":[{"href":"https:\/\/diariodepernambuco.audiencelabs.com.br\/wp-json\/wp\/v2\/posts"}],"about":[{"href":"https:\/\/diariodepernambuco.audiencelabs.com.br\/wp-json\/wp\/v2\/types\/post"}],"author":[{"embeddable":true,"href":"https:\/\/diariodepernambuco.audiencelabs.com.br\/wp-json\/wp\/v2\/users\/17"}],"replies":[{"embeddable":true,"href":"https:\/\/diariodepernambuco.audiencelabs.com.br\/wp-json\/wp\/v2\/comments?post=26135"}],"version-history":[{"count":2,"href":"https:\/\/diariodepernambuco.audiencelabs.com.br\/wp-json\/wp\/v2\/posts\/26135\/revisions"}],"predecessor-version":[{"id":26172,"href":"https:\/\/diariodepernambuco.audiencelabs.com.br\/wp-json\/wp\/v2\/posts\/26135\/revisions\/26172"}],"wp:featuredmedia":[{"embeddable":true,"href":"https:\/\/diariodepernambuco.audiencelabs.com.br\/wp-json\/wp\/v2\/media\/26171"}],"wp:attachment":[{"href":"https:\/\/diariodepernambuco.audiencelabs.com.br\/wp-json\/wp\/v2\/media?parent=26135"}],"wp:term":[{"taxonomy":"category","embeddable":true,"href":"https:\/\/diariodepernambuco.audiencelabs.com.br\/wp-json\/wp\/v2\/categories?post=26135"},{"taxonomy":"post_tag","embeddable":true,"href":"https:\/\/diariodepernambuco.audiencelabs.com.br\/wp-json\/wp\/v2\/tags?post=26135"}],"curies":[{"name":"wp","href":"https:\/\/api.w.org\/{rel}","templated":true}]}}