{"id":26140,"date":"2026-05-01T06:00:00","date_gmt":"2026-05-01T09:00:00","guid":{"rendered":"https:\/\/diariodepernambuco.audiencelabs.com.br\/?p=26140"},"modified":"2026-05-01T07:41:09","modified_gmt":"2026-05-01T10:41:09","slug":"tecnico-da-selecao-confirma-os-6-primeiros-nomes-convocados-ja-estao-na-lista","status":"publish","type":"post","link":"https:\/\/diariodepernambuco.audiencelabs.com.br\/tecnico-da-selecao-confirma-os-6-primeiros-nomes-convocados-ja-estao-na-lista\/","title":{"rendered":"T\u00e9cnico da Sele\u00e7\u00e3o confirma os 6 primeiros nomes convocados: j\u00e1 est\u00e3o na lista"},"content":{"rendered":"\n<p>A Sele\u00e7\u00e3o Brasileira masculina de v\u00f4lei j\u00e1 iniciou os trabalhos ap\u00f3s o t\u00e9cnico Bernardinho divulgar os seis primeiros jogadores convocados que v\u00e3o fazer parte das principais competi\u00e7\u00f5es do ano, como a Liga das Na\u00e7\u00f5es e o Campeonato Sul-Americano.<\/p>\n\n\n\n<p>Segundo informa\u00e7\u00f5es do site <em>Olympics<\/em>, nesta primeira lista, Bernardinho escolheu atletas de diferentes posi\u00e7\u00f5es, que atuam no Brasil e tamb\u00e9m no exterior. Entre os ponteiros, foram chamados <strong>Honorato<\/strong>, que joga no Suwalki, da Pol\u00f4nia, e <strong>Maicon<\/strong>, que defende o Gebze, da Turquia.<\/p>\n\n\n\n<p>No meio de rede, entre os convocados est\u00e1 <strong>Guilherme Voss<\/strong>, que joga no Tours, da Fran\u00e7a, e <strong>Thiery<\/strong> e <strong>Barreto<\/strong>, ambos do Sesi Bauru. Para a posi\u00e7\u00e3o de l\u00edbero, o convocado foi <strong>Douglas Pureza<\/strong>, que tamb\u00e9m atua pelo Sesi Bauru.<\/p>\n\n\n\n<h2 class=\"wp-block-heading\">Pr\u00f3ximos desafios da Sele\u00e7\u00e3o<\/h2>\n\n\n\n<p>A Sele\u00e7\u00e3o Brasileira ter\u00e1 uma agenda cheia no in\u00edcio da Liga das Na\u00e7\u00f5es. A equipe vai enfrentar advers\u00e1rios como Ir\u00e3, B\u00e9lgica, S\u00e9rvia e Argentina, em uma sequ\u00eancia de jogos que acontece em junho. Depois dessa primeira fase, o time segue para a Europa, onde encara sele\u00e7\u00f5es como It\u00e1lia, Eslov\u00eania, Ucr\u00e2nia e Canad\u00e1.<\/p>\n\n\n\n<h2 class=\"wp-block-heading\">Onde assistir aos jogos<\/h2>\n\n\n\n<p>As partidas da Liga das Na\u00e7\u00f5es ser\u00e3o transmitidas pelos canais Sportv e pela plataforma Volleyball World TV, permitindo que os torcedores acompanhem toda a campanha da Sele\u00e7\u00e3o.<\/p>\n","protected":false},"excerpt":{"rendered":"<p>A Sele\u00e7\u00e3o Brasileira masculina de v\u00f4lei j\u00e1 iniciou os trabalhos ap\u00f3s o t\u00e9cnico Bernardinho divulgar os seis primeiros jogadores convocados que v\u00e3o fazer parte das principais competi\u00e7\u00f5es do ano, como a Liga das Na\u00e7\u00f5es e o Campeonato Sul-Americano. Segundo informa\u00e7\u00f5es do site Olympics, nesta primeira lista, Bernardinho escolheu atletas de diferentes posi\u00e7\u00f5es, que atuam no [&hellip;]<\/p>\n","protected":false},"author":17,"featured_media":26593,"comment_status":"open","ping_status":"open","sticky":false,"template":"","format":"standard","meta":{"jnews-multi-image_gallery":[],"jnews_single_post":{"format":"standard"},"jnews_primary_category":[],"jnews_social_meta":[],"jnews_post_split":[],"footnotes":""},"categories":[1],"tags":[],"class_list":["post-26140","post","type-post","status-publish","format-standard","has-post-thumbnail","hentry","category-uncategorized"],"_links":{"self":[{"href":"https:\/\/diariodepernambuco.audiencelabs.com.br\/wp-json\/wp\/v2\/posts\/26140","targetHints":{"allow":["GET"]}}],"collection":[{"href":"https:\/\/diariodepernambuco.audiencelabs.com.br\/wp-json\/wp\/v2\/posts"}],"about":[{"href":"https:\/\/diariodepernambuco.audiencelabs.com.br\/wp-json\/wp\/v2\/types\/post"}],"author":[{"embeddable":true,"href":"https:\/\/diariodepernambuco.audiencelabs.com.br\/wp-json\/wp\/v2\/users\/17"}],"replies":[{"embeddable":true,"href":"https:\/\/diariodepernambuco.audiencelabs.com.br\/wp-json\/wp\/v2\/comments?post=26140"}],"version-history":[{"count":2,"href":"https:\/\/diariodepernambuco.audiencelabs.com.br\/wp-json\/wp\/v2\/posts\/26140\/revisions"}],"predecessor-version":[{"id":26186,"href":"https:\/\/diariodepernambuco.audiencelabs.com.br\/wp-json\/wp\/v2\/posts\/26140\/revisions\/26186"}],"wp:featuredmedia":[{"embeddable":true,"href":"https:\/\/diariodepernambuco.audiencelabs.com.br\/wp-json\/wp\/v2\/media\/26593"}],"wp:attachment":[{"href":"https:\/\/diariodepernambuco.audiencelabs.com.br\/wp-json\/wp\/v2\/media?parent=26140"}],"wp:term":[{"taxonomy":"category","embeddable":true,"href":"https:\/\/diariodepernambuco.audiencelabs.com.br\/wp-json\/wp\/v2\/categories?post=26140"},{"taxonomy":"post_tag","embeddable":true,"href":"https:\/\/diariodepernambuco.audiencelabs.com.br\/wp-json\/wp\/v2\/tags?post=26140"}],"curies":[{"name":"wp","href":"https:\/\/api.w.org\/{rel}","templated":true}]}}