{"id":26143,"date":"2026-04-29T15:29:00","date_gmt":"2026-04-29T18:29:00","guid":{"rendered":"https:\/\/diariodepernambuco.audiencelabs.com.br\/?p=26143"},"modified":"2026-04-28T11:07:49","modified_gmt":"2026-04-28T14:07:49","slug":"nissan-esta-deixando-o-pais-apos-fechamento-de-fabrica-gigante-e-popular","status":"publish","type":"post","link":"https:\/\/diariodepernambuco.audiencelabs.com.br\/nissan-esta-deixando-o-pais-apos-fechamento-de-fabrica-gigante-e-popular\/","title":{"rendered":"Nissan est\u00e1 deixando pa\u00eds ap\u00f3s fechamento de f\u00e1brica gigante e popular"},"content":{"rendered":"\n<p>A Nissan iniciou um processo de reestrutura\u00e7\u00e3o que pode marcar sua sa\u00edda de um importante mercado na Am\u00e9rica do Sul. Ap\u00f3s encerrar a produ\u00e7\u00e3o da picape Frontier em uma f\u00e1brica hist\u00f3rica na Argentina, a empresa agora negocia a transfer\u00eancia de sua opera\u00e7\u00e3o comercial no pa\u00eds para grupos locais, o que pode representar o fim de sua atua\u00e7\u00e3o direta na regi\u00e3o.<\/p>\n\n\n\n<p>O movimento ocorre depois do fechamento da linha de produ\u00e7\u00e3o na planta de C\u00f3rdoba, que era respons\u00e1vel por fabricar modelos importantes e exportados para outros pa\u00edses, incluindo o Brasil. Desde ent\u00e3o, a montadora deixou de atuar como fabricante no pa\u00eds e passou a depender de ve\u00edculos importados, em um claro sinal de mudan\u00e7a estrat\u00e9gica.<\/p>\n\n\n\n<p>Segundo a pr\u00f3pria empresa, h\u00e1 um memorando de entendimento com os grupos SIMPA e Tagle para avaliar um novo modelo de neg\u00f3cios baseado em distribui\u00e7\u00e3o local. Na pr\u00e1tica, isso significa que a Nissan pode deixar de operar diretamente na Argentina, mantendo apenas presen\u00e7a por meio de parceiros comerciais.<\/p>\n\n\n\n<p>Apesar da movimenta\u00e7\u00e3o, a companhia afirma que ainda n\u00e3o h\u00e1 decis\u00e3o final e que o processo segue em an\u00e1lise, envolvendo quest\u00f5es comerciais, jur\u00eddicas e operacionais. Enquanto isso, as vendas e o atendimento ao consumidor continuam normalmente, sem mudan\u00e7as imediatas para quem j\u00e1 possui ve\u00edculos da marca.<\/p>\n\n\n\n<h2 class=\"wp-block-heading\">Mudan\u00e7a faz parte de estrat\u00e9gia global da montadora<\/h2>\n\n\n\n<p>A poss\u00edvel sa\u00edda faz parte de um plano mais amplo da Nissan para enxugar opera\u00e7\u00f5es e focar em mercados considerados mais estrat\u00e9gicos. A empresa j\u00e1 vem adotando modelos semelhantes em outros pa\u00edses da Am\u00e9rica Latina, priorizando importa\u00e7\u00e3o e distribui\u00e7\u00e3o em vez de produ\u00e7\u00e3o local.<\/p>\n\n\n\n<p>Caso a negocia\u00e7\u00e3o avance, a Argentina deve seguir esse mesmo caminho, deixando de ser um polo industrial da marca. A mudan\u00e7a refor\u00e7a uma tend\u00eancia global da ind\u00fastria automotiva, em que montadoras buscam reduzir custos e concentrar investimentos em regi\u00f5es com maior retorno, mesmo que isso signifique encerrar opera\u00e7\u00f5es tradicionais.<\/p>\n\n\n\n<p><\/p>\n","protected":false},"excerpt":{"rendered":"<p>A Nissan iniciou um processo de reestrutura\u00e7\u00e3o que pode marcar sua sa\u00edda de um importante mercado na Am\u00e9rica do Sul. Ap\u00f3s encerrar a produ\u00e7\u00e3o da picape Frontier em uma f\u00e1brica hist\u00f3rica na Argentina, a empresa agora negocia a transfer\u00eancia de sua opera\u00e7\u00e3o comercial no pa\u00eds para grupos locais, o que pode representar o fim de [&hellip;]<\/p>\n","protected":false},"author":4,"featured_media":26146,"comment_status":"open","ping_status":"open","sticky":false,"template":"","format":"standard","meta":{"jnews-multi-image_gallery":[],"jnews_single_post":{"format":"standard"},"jnews_primary_category":[],"jnews_social_meta":[],"jnews_post_split":[],"footnotes":""},"categories":[1],"tags":[],"class_list":["post-26143","post","type-post","status-publish","format-standard","has-post-thumbnail","hentry","category-uncategorized"],"_links":{"self":[{"href":"https:\/\/diariodepernambuco.audiencelabs.com.br\/wp-json\/wp\/v2\/posts\/26143","targetHints":{"allow":["GET"]}}],"collection":[{"href":"https:\/\/diariodepernambuco.audiencelabs.com.br\/wp-json\/wp\/v2\/posts"}],"about":[{"href":"https:\/\/diariodepernambuco.audiencelabs.com.br\/wp-json\/wp\/v2\/types\/post"}],"author":[{"embeddable":true,"href":"https:\/\/diariodepernambuco.audiencelabs.com.br\/wp-json\/wp\/v2\/users\/4"}],"replies":[{"embeddable":true,"href":"https:\/\/diariodepernambuco.audiencelabs.com.br\/wp-json\/wp\/v2\/comments?post=26143"}],"version-history":[{"count":3,"href":"https:\/\/diariodepernambuco.audiencelabs.com.br\/wp-json\/wp\/v2\/posts\/26143\/revisions"}],"predecessor-version":[{"id":26148,"href":"https:\/\/diariodepernambuco.audiencelabs.com.br\/wp-json\/wp\/v2\/posts\/26143\/revisions\/26148"}],"wp:featuredmedia":[{"embeddable":true,"href":"https:\/\/diariodepernambuco.audiencelabs.com.br\/wp-json\/wp\/v2\/media\/26146"}],"wp:attachment":[{"href":"https:\/\/diariodepernambuco.audiencelabs.com.br\/wp-json\/wp\/v2\/media?parent=26143"}],"wp:term":[{"taxonomy":"category","embeddable":true,"href":"https:\/\/diariodepernambuco.audiencelabs.com.br\/wp-json\/wp\/v2\/categories?post=26143"},{"taxonomy":"post_tag","embeddable":true,"href":"https:\/\/diariodepernambuco.audiencelabs.com.br\/wp-json\/wp\/v2\/tags?post=26143"}],"curies":[{"name":"wp","href":"https:\/\/api.w.org\/{rel}","templated":true}]}}