{"id":26149,"date":"2026-04-29T19:40:00","date_gmt":"2026-04-29T22:40:00","guid":{"rendered":"https:\/\/diariodepernambuco.audiencelabs.com.br\/?p=26149"},"modified":"2026-04-28T12:21:18","modified_gmt":"2026-04-28T15:21:18","slug":"cidade-de-interior-que-poucos-conhecem-registra-temperatura-abaixo-de-0c","status":"publish","type":"post","link":"https:\/\/diariodepernambuco.audiencelabs.com.br\/cidade-de-interior-que-poucos-conhecem-registra-temperatura-abaixo-de-0c\/","title":{"rendered":"Cidade de interior que poucos conhecem registra temperatura pr\u00f3xima de 0\u00b0C"},"content":{"rendered":"\n<p>O Rio Grande do Sul registrou, nesta ter\u00e7a-feira (28), a madrugada mais fria de 2026 at\u00e9 agora. De acordo com o Instituto Nacional de Meteorologia, a cidade de Soledade, localizada na serra do Botucara\u00ed, marcou impressionantes 0,4\u00b0C, a menor temperatura oficial do ano no estado. O frio intenso surpreendeu moradores e refor\u00e7ou o avan\u00e7o de uma forte massa de ar polar sobre a regi\u00e3o.<\/p>\n\n\n\n<p>Na capital Porto Alegre, os term\u00f4metros tamb\u00e9m despencaram e bateram recordes em diferentes pontos da cidade. A esta\u00e7\u00e3o do Inmet em Bel\u00e9m Novo registrou 7,4\u00b0C, enquanto no Jardim Bot\u00e2nico a m\u00ednima foi de 8,9\u00b0C. At\u00e9 ent\u00e3o, a menor temperatura do ano na capital ga\u00facha havia sido de 14,1\u00b0C, o que evidencia a intensidade da queda registrada nesta semana.<\/p>\n\n\n\n<p>O frio n\u00e3o ficou restrito a poucas cidades e atingiu diversas regi\u00f5es do estado. Em Bom Jesus, nos Campos de Cima da Serra, a temperatura ficou abaixo de 1\u00b0C, enquanto munic\u00edpios como Quara\u00ed, S\u00e3o Francisco de Paula, Caxias do Sul e Vacaria registraram m\u00ednimas entre 1\u00b0C e 1,4\u00b0C. O cen\u00e1rio refor\u00e7a a abrang\u00eancia da onda de frio que atinge o sul do pa\u00eds.<\/p>\n\n\n\n<h2 class=\"wp-block-heading\">Frio continua nos pr\u00f3ximos dias, mas chuva se aproxima<\/h2>\n\n\n\n<p>Segundo a previs\u00e3o meteorol\u00f3gica, o frio deve continuar ao longo desta quarta-feira (29) e quinta-feira (30), mantendo as temperaturas baixas principalmente durante as madrugadas e manh\u00e3s. Apesar de uma leve eleva\u00e7\u00e3o nos term\u00f4metros durante a tarde, a sensa\u00e7\u00e3o de frio seguir\u00e1 predominante em diversas regi\u00f5es do estado, exigindo aten\u00e7\u00e3o redobrada da popula\u00e7\u00e3o.<\/p>\n\n\n\n<p>A mudan\u00e7a no tempo come\u00e7a a partir de sexta-feira (1\u00ba), com previs\u00e3o de chuva em Porto Alegre e em grande parte do Rio Grande do Sul. O s\u00e1bado (2) tamb\u00e9m deve ter pancadas ao longo do dia, enquanto o domingo (3) tende a apresentar uma breve melhora antes da volta da instabilidade na pr\u00f3xima semana, mantendo o clima t\u00edpico de inverno antecipado na regi\u00e3o.<\/p>\n\n\n\n<p><\/p>\n","protected":false},"excerpt":{"rendered":"<p>O Rio Grande do Sul registrou, nesta ter\u00e7a-feira (28), a madrugada mais fria de 2026 at\u00e9 agora. De acordo com o Instituto Nacional de Meteorologia, a cidade de Soledade, localizada na serra do Botucara\u00ed, marcou impressionantes 0,4\u00b0C, a menor temperatura oficial do ano no estado. O frio intenso surpreendeu moradores e refor\u00e7ou o avan\u00e7o de [&hellip;]<\/p>\n","protected":false},"author":4,"featured_media":26152,"comment_status":"open","ping_status":"open","sticky":false,"template":"","format":"standard","meta":{"jnews-multi-image_gallery":[],"jnews_single_post":{"format":"standard"},"jnews_primary_category":[],"jnews_social_meta":[],"jnews_post_split":[],"footnotes":""},"categories":[1],"tags":[],"class_list":["post-26149","post","type-post","status-publish","format-standard","has-post-thumbnail","hentry","category-uncategorized"],"_links":{"self":[{"href":"https:\/\/diariodepernambuco.audiencelabs.com.br\/wp-json\/wp\/v2\/posts\/26149","targetHints":{"allow":["GET"]}}],"collection":[{"href":"https:\/\/diariodepernambuco.audiencelabs.com.br\/wp-json\/wp\/v2\/posts"}],"about":[{"href":"https:\/\/diariodepernambuco.audiencelabs.com.br\/wp-json\/wp\/v2\/types\/post"}],"author":[{"embeddable":true,"href":"https:\/\/diariodepernambuco.audiencelabs.com.br\/wp-json\/wp\/v2\/users\/4"}],"replies":[{"embeddable":true,"href":"https:\/\/diariodepernambuco.audiencelabs.com.br\/wp-json\/wp\/v2\/comments?post=26149"}],"version-history":[{"count":2,"href":"https:\/\/diariodepernambuco.audiencelabs.com.br\/wp-json\/wp\/v2\/posts\/26149\/revisions"}],"predecessor-version":[{"id":26155,"href":"https:\/\/diariodepernambuco.audiencelabs.com.br\/wp-json\/wp\/v2\/posts\/26149\/revisions\/26155"}],"wp:featuredmedia":[{"embeddable":true,"href":"https:\/\/diariodepernambuco.audiencelabs.com.br\/wp-json\/wp\/v2\/media\/26152"}],"wp:attachment":[{"href":"https:\/\/diariodepernambuco.audiencelabs.com.br\/wp-json\/wp\/v2\/media?parent=26149"}],"wp:term":[{"taxonomy":"category","embeddable":true,"href":"https:\/\/diariodepernambuco.audiencelabs.com.br\/wp-json\/wp\/v2\/categories?post=26149"},{"taxonomy":"post_tag","embeddable":true,"href":"https:\/\/diariodepernambuco.audiencelabs.com.br\/wp-json\/wp\/v2\/tags?post=26149"}],"curies":[{"name":"wp","href":"https:\/\/api.w.org\/{rel}","templated":true}]}}