{"id":26156,"date":"2026-04-28T13:03:59","date_gmt":"2026-04-28T16:03:59","guid":{"rendered":"https:\/\/diariodepernambuco.audiencelabs.com.br\/?p=26156"},"modified":"2026-04-28T13:04:18","modified_gmt":"2026-04-28T16:04:18","slug":"caixa-libera-saque-de-ate-r-1-621-no-caixa-tem-e-outros-bancos","status":"publish","type":"post","link":"https:\/\/diariodepernambuco.audiencelabs.com.br\/caixa-libera-saque-de-ate-r-1-621-no-caixa-tem-e-outros-bancos\/","title":{"rendered":"Caixa libera saque de at\u00e9 R$ 1.621 no Caixa Tem e outros bancos"},"content":{"rendered":"\n<p>Desde o in\u00edcio do ano, diversos trabalhadores de carteira assinada t\u00eam garantido um valor adicional em seu or\u00e7amento mensal, tendo em vista que o Minist\u00e9rio do Trabalho (MTE) segue disponibilizando <strong>os montantes referentes ao Abono Salarial de 2026<\/strong>.<\/p>\n\n\n\n<p>Entretanto, embora o \u00f3rg\u00e3o j\u00e1 esteja se preparando para disponibilizar os lotes que beneficiar\u00e3o os nascidos entre maio e junho, alguns empregados <strong>enfrentaram problemas para ter acesso ao pagamento anterior<\/strong>, que foi liberado no dia 15 de abril.<\/p>\n\n\n\n<p>S\u00f3 que, conforme divulgado pelo portal <em>Metr\u00f3poles<\/em>, a Caixa Econ\u00f4mica Federal resolveu a situa\u00e7\u00e3o nesta semana, tendo liberado aos nascidos nos meses de mar\u00e7o de abril<strong> um novo lote residual do abono na segunda-feira (27)<\/strong>.<\/p>\n\n\n\n<p>O montante, que pode chegar ao valor de um sal\u00e1rio m\u00ednimo (R$ 1.621), foi destinado principalmente a trabalhadores que tiveram algum problema no processamento dos dados e <strong>entraram com um recurso administrativo<\/strong> at\u00e9 o dia 31 de mar\u00e7o.<\/p>\n\n\n\n<p>Vale lembrar que a Caixa \u00e9 respons\u00e1vel apenas pelo pagamento do <strong>Programa de Integra\u00e7\u00e3o Social (PIS)<\/strong>, que atende trabalhadores da iniciativa privada. Funcion\u00e1rios p\u00fablicos, por sua vez, recebem os dep\u00f3sitos do Programa de Forma\u00e7\u00e3o do Patrim\u00f4nio do Servidor P\u00fablico (Pasep) pelo Banco do Brasil.<\/p>\n\n\n\n<h2 class=\"wp-block-heading\">Abono salarial de 2026: confira as datas de saque do valor nos bancos<\/h2>\n\n\n\n<p>Em dezembro do ano passado, o Conselho Deliberativo do Fundo de Amparo ao Trabalhador (Codefat) estabeleceu que os dep\u00f3sitos do Abono Salarial passariam a ocorrer<strong> no dia 15 de cada m\u00eas<\/strong>. Dessa forma, os pr\u00f3ximos pagamentos poder\u00e3o ser sacados nos bancos nas seguintes datas:<\/p>\n\n\n\n<ul class=\"wp-block-list\">\n<li><strong>Nascidos em maio e junho:<\/strong>\u00a015 de maio<\/li>\n\n\n\n<li><strong>Nascidos em julho e agosto:<\/strong>\u00a015 de junho<\/li>\n\n\n\n<li><strong>Nascidos em setembro e outubro:<\/strong>\u00a015 de julho<\/li>\n\n\n\n<li><strong>Nascidos em novembro e dezembro:<\/strong>\u00a015 de agosto<\/li>\n<\/ul>\n\n\n\n<p>\u00c9 importante destacar que os pagamentos de 2026 s\u00e3o exclusivos para trabalhadores que tenham exercido atividade remunerada por, no m\u00ednimo, 30 dias (consecutivos ou n\u00e3o) <strong>durante o ano-base de 2024<\/strong> e possuam essas informa\u00e7\u00f5es atualizadas no sistema eSocial.<\/p>\n","protected":false},"excerpt":{"rendered":"<p>Desde o in\u00edcio do ano, diversos trabalhadores de carteira assinada t\u00eam garantido um valor adicional em seu or\u00e7amento mensal, tendo em vista que o Minist\u00e9rio do Trabalho (MTE) segue disponibilizando os montantes referentes ao Abono Salarial de 2026. Entretanto, embora o \u00f3rg\u00e3o j\u00e1 esteja se preparando para disponibilizar os lotes que beneficiar\u00e3o os nascidos entre [&hellip;]<\/p>\n","protected":false},"author":15,"featured_media":26157,"comment_status":"open","ping_status":"open","sticky":false,"template":"","format":"standard","meta":{"jnews-multi-image_gallery":[],"jnews_single_post":{"format":"standard"},"jnews_primary_category":[],"jnews_social_meta":[],"jnews_post_split":[],"footnotes":""},"categories":[1],"tags":[],"class_list":["post-26156","post","type-post","status-publish","format-standard","has-post-thumbnail","hentry","category-uncategorized"],"_links":{"self":[{"href":"https:\/\/diariodepernambuco.audiencelabs.com.br\/wp-json\/wp\/v2\/posts\/26156","targetHints":{"allow":["GET"]}}],"collection":[{"href":"https:\/\/diariodepernambuco.audiencelabs.com.br\/wp-json\/wp\/v2\/posts"}],"about":[{"href":"https:\/\/diariodepernambuco.audiencelabs.com.br\/wp-json\/wp\/v2\/types\/post"}],"author":[{"embeddable":true,"href":"https:\/\/diariodepernambuco.audiencelabs.com.br\/wp-json\/wp\/v2\/users\/15"}],"replies":[{"embeddable":true,"href":"https:\/\/diariodepernambuco.audiencelabs.com.br\/wp-json\/wp\/v2\/comments?post=26156"}],"version-history":[{"count":1,"href":"https:\/\/diariodepernambuco.audiencelabs.com.br\/wp-json\/wp\/v2\/posts\/26156\/revisions"}],"predecessor-version":[{"id":26158,"href":"https:\/\/diariodepernambuco.audiencelabs.com.br\/wp-json\/wp\/v2\/posts\/26156\/revisions\/26158"}],"wp:featuredmedia":[{"embeddable":true,"href":"https:\/\/diariodepernambuco.audiencelabs.com.br\/wp-json\/wp\/v2\/media\/26157"}],"wp:attachment":[{"href":"https:\/\/diariodepernambuco.audiencelabs.com.br\/wp-json\/wp\/v2\/media?parent=26156"}],"wp:term":[{"taxonomy":"category","embeddable":true,"href":"https:\/\/diariodepernambuco.audiencelabs.com.br\/wp-json\/wp\/v2\/categories?post=26156"},{"taxonomy":"post_tag","embeddable":true,"href":"https:\/\/diariodepernambuco.audiencelabs.com.br\/wp-json\/wp\/v2\/tags?post=26156"}],"curies":[{"name":"wp","href":"https:\/\/api.w.org\/{rel}","templated":true}]}}