{"id":26173,"date":"2026-04-29T08:55:00","date_gmt":"2026-04-29T11:55:00","guid":{"rendered":"https:\/\/diariodepernambuco.audiencelabs.com.br\/?p=26173"},"modified":"2026-04-28T19:23:05","modified_gmt":"2026-04-28T22:23:05","slug":"maior-fabrica-de-carros-chineses-custou-mais-de-r-5-bilhoes-e-pertence-a-montadora-famosa","status":"publish","type":"post","link":"https:\/\/diariodepernambuco.audiencelabs.com.br\/maior-fabrica-de-carros-chineses-custou-mais-de-r-5-bilhoes-e-pertence-a-montadora-famosa\/","title":{"rendered":"Maior f\u00e1brica de carros chineses custou mais de R$ 5 bilh\u00f5es e pertence \u00e0 montadora famosa"},"content":{"rendered":"\n<p>A <strong>BYD<\/strong>, conhecida por seus carros el\u00e9tricos e h\u00edbridos, est\u00e1 apostando pesado no Brasil com a constru\u00e7\u00e3o de uma das maiores f\u00e1bricas da marca fora da \u00c1sia. O projeto ultrapassa <strong>R$ 5 bilh\u00f5es<\/strong> e mostra como a empresa quer crescer ainda mais aqui no pa\u00eds.<\/p>\n\n\n\n<p>A f\u00e1brica fica em Cama\u00e7ari, na Bahia, em uma \u00e1rea industrial que j\u00e1 pertenceu a outra grande montadora no passado. A escolha da cidade tamb\u00e9m ajuda na log\u00edstica, j\u00e1 que facilita o transporte e a distribui\u00e7\u00e3o para outras regi\u00f5es.<\/p>\n\n\n\n<h2 class=\"wp-block-heading\">Produ\u00e7\u00e3o em grande escala<\/h2>\n\n\n\n<p>O plano da BYD \u00e9 produzir uma grande quantidade de ve\u00edculos por ano (cerca de 600 mil) quando a f\u00e1brica estiver funcionando em sua capacidade total. No come\u00e7o, a produ\u00e7\u00e3o acontece com a montagem de pe\u00e7as que v\u00eam de fora, mas a ideia \u00e9 aumentar aos poucos o uso de componentes feitos no Brasil. Isso tamb\u00e9m ajuda a fortalecer a ind\u00fastria local e torna o processo mais independente com o tempo.<\/p>\n\n\n\n<p>Al\u00e9m disso, a chegada dessa f\u00e1brica deve gerar empregos, tanto diretos na f\u00e1brica quanto indiretos em empresas que v\u00e3o fornecer pe\u00e7as e servi\u00e7os. Com isso, a regi\u00e3o tende a ganhar um novo impulso econ\u00f4mico, o que atrai mais investimento e empresas ligadas ao setor automotivo.<\/p>\n\n\n\n<h2 class=\"wp-block-heading\">Um passo importante para o futuro<\/h2>\n\n\n\n<p>Esse projeto da BYD tamb\u00e9m representa uma mudan\u00e7a importante na forma como os carros s\u00e3o produzidos no Brasil, j\u00e1 que a empresa ajuda a acelerar a transi\u00e7\u00e3o para uma mobilidade mais moderna e menos poluente, e ajuda a colocar o Brasil em uma posi\u00e7\u00e3o relevante dentro dessa transforma\u00e7\u00e3o.<\/p>\n","protected":false},"excerpt":{"rendered":"<p>A BYD, conhecida por seus carros el\u00e9tricos e h\u00edbridos, est\u00e1 apostando pesado no Brasil com a constru\u00e7\u00e3o de uma das maiores f\u00e1bricas da marca fora da \u00c1sia. O projeto ultrapassa R$ 5 bilh\u00f5es e mostra como a empresa quer crescer ainda mais aqui no pa\u00eds. A f\u00e1brica fica em Cama\u00e7ari, na Bahia, em uma \u00e1rea [&hellip;]<\/p>\n","protected":false},"author":17,"featured_media":24304,"comment_status":"open","ping_status":"open","sticky":false,"template":"","format":"standard","meta":{"jnews-multi-image_gallery":[],"jnews_single_post":{"format":"standard"},"jnews_primary_category":[],"jnews_social_meta":[],"jnews_post_split":[],"footnotes":""},"categories":[1],"tags":[],"class_list":["post-26173","post","type-post","status-publish","format-standard","has-post-thumbnail","hentry","category-uncategorized"],"_links":{"self":[{"href":"https:\/\/diariodepernambuco.audiencelabs.com.br\/wp-json\/wp\/v2\/posts\/26173","targetHints":{"allow":["GET"]}}],"collection":[{"href":"https:\/\/diariodepernambuco.audiencelabs.com.br\/wp-json\/wp\/v2\/posts"}],"about":[{"href":"https:\/\/diariodepernambuco.audiencelabs.com.br\/wp-json\/wp\/v2\/types\/post"}],"author":[{"embeddable":true,"href":"https:\/\/diariodepernambuco.audiencelabs.com.br\/wp-json\/wp\/v2\/users\/17"}],"replies":[{"embeddable":true,"href":"https:\/\/diariodepernambuco.audiencelabs.com.br\/wp-json\/wp\/v2\/comments?post=26173"}],"version-history":[{"count":3,"href":"https:\/\/diariodepernambuco.audiencelabs.com.br\/wp-json\/wp\/v2\/posts\/26173\/revisions"}],"predecessor-version":[{"id":26246,"href":"https:\/\/diariodepernambuco.audiencelabs.com.br\/wp-json\/wp\/v2\/posts\/26173\/revisions\/26246"}],"wp:featuredmedia":[{"embeddable":true,"href":"https:\/\/diariodepernambuco.audiencelabs.com.br\/wp-json\/wp\/v2\/media\/24304"}],"wp:attachment":[{"href":"https:\/\/diariodepernambuco.audiencelabs.com.br\/wp-json\/wp\/v2\/media?parent=26173"}],"wp:term":[{"taxonomy":"category","embeddable":true,"href":"https:\/\/diariodepernambuco.audiencelabs.com.br\/wp-json\/wp\/v2\/categories?post=26173"},{"taxonomy":"post_tag","embeddable":true,"href":"https:\/\/diariodepernambuco.audiencelabs.com.br\/wp-json\/wp\/v2\/tags?post=26173"}],"curies":[{"name":"wp","href":"https:\/\/api.w.org\/{rel}","templated":true}]}}